{"id":6342,"date":"2024-06-04T11:00:00","date_gmt":"2024-06-04T09:00:00","guid":{"rendered":"https:\/\/www.manager.one\/fr\/journal\/?p=6342"},"modified":"2024-05-29T17:24:25","modified_gmt":"2024-05-29T15:24:25","slug":"la-baisse-dactivite-en-entreprise-lete-une-realite-a-gerer","status":"publish","type":"post","link":"https:\/\/www.manager.one\/fr\/journal\/la-baisse-dactivite-en-entreprise-lete-une-realite-a-gerer\/","title":{"rendered":"Le ralentissement de l&rsquo;activit\u00e9 en entreprise l&rsquo;\u00e9t\u00e9 : Une r\u00e9alit\u00e9 \u00e0 g\u00e9rer"},"content":{"rendered":"\n<p>L&rsquo;\u00e9t\u00e9, p\u00e9riode synonyme de vacances, de soleil et de d\u00e9tente, est aussi marqu\u00e9e par un ph\u00e9nom\u00e8ne bien connu des entreprises : le ralentissement de l&rsquo;activit\u00e9 estival. Cette r\u00e9alit\u00e9, bien que cyclique, pose des d\u00e9fis sp\u00e9cifiques aux entreprises qui doivent s&rsquo;adapter pour maintenir leur efficacit\u00e9 et leur productivit\u00e9. Analysons les causes de ce ralentissement, ses impacts et les strat\u00e9gies pour y faire face.<\/p>\n\n\n\n<h2 class=\"wp-block-heading\"><strong>Les causes du ralentissement de l&rsquo;activit\u00e9 :<\/strong><\/h2>\n\n\n\n<ol>\n<li><strong>Les vacances des employ\u00e9s<\/strong> : L&rsquo;une des principales raisons du ralentissement est l&rsquo;augmentation significative des cong\u00e9s. Juillet et ao\u00fbt sont les mois de pr\u00e9dilection pour les vacances, ce qui r\u00e9duit automatiquement les effectifs disponibles dans les entreprises.<\/li>\n\n\n\n<li><strong>La baisse de la demande<\/strong> : Pour de nombreuses industries, la demande en produits et services diminue durant l&rsquo;\u00e9t\u00e9. Les clients sont eux-m\u00eames en vacances et reportent souvent leurs projets \u00e0 la rentr\u00e9e.<\/li>\n\n\n\n<li><strong>Les fermetures annuelles<\/strong> : Certaines entreprises choisissent de fermer compl\u00e8tement pendant une ou deux semaines, notamment dans le secteur manufacturier, pour permettre des maintenances et des r\u00e9novations n\u00e9cessaires.<\/li>\n<\/ol>\n\n\n\n<h2 class=\"wp-block-heading\"><strong>Les impacts sur les entreprises<\/strong><\/h2>\n\n\n\n<ol>\n<li><strong>Diminution de la productivit\u00e9<\/strong> : Moins de personnel signifie souvent moins de travail accompli. Les projets peuvent prendre du retard et la continuit\u00e9 des op\u00e9rations peut en souffrir.<\/li>\n\n\n\n<li><strong>Perturbation des processus internes<\/strong> : Les absences prolong\u00e9es peuvent entra\u00eener une d\u00e9sorganisation des \u00e9quipes, n\u00e9cessitant une r\u00e9adaptation \u00e0 la rentr\u00e9e.<\/li>\n\n\n\n<li><strong>Perte de revenus<\/strong> : Pour certaines entreprises, la baisse de la demande peut se traduire directement par une perte de chiffre d&rsquo;affaires, impactant la rentabilit\u00e9 sur l&rsquo;ann\u00e9e.<\/li>\n<\/ol>\n\n\n\n<h2 class=\"wp-block-heading\"><strong>Les opportunit\u00e9s d\u2019am\u00e9lioration<\/strong><\/h2>\n\n\n\n<p>Le ralentissement estival n&rsquo;est pas seulement un d\u00e9fi, mais peut aussi \u00eatre une opportunit\u00e9. Il offre du temps pour r\u00e9fl\u00e9chir \u00e0 la strat\u00e9gie globale de l&rsquo;entreprise. Il permet \u00e9galement d&rsquo;analyser les performances du premier semestre et d&rsquo;ajuster les plans pour le reste de l&rsquo;ann\u00e9e. C&rsquo;est \u00e9galement un moment propice pour l&rsquo;innovation. Moins de pression peut permettre aux employ\u00e9s de se concentrer sur la conception de nouveaux projets ou produits.<\/p>\n\n\n\n<h2 class=\"wp-block-heading\"><strong>Strat\u00e9gies pour faire face au ralentissement<\/strong> <strong>de l&rsquo;activit\u00e9<\/strong><\/h2>\n\n\n\n<ol>\n<li><strong>Planification des ressources et optimisation du temps<\/strong> : Une bonne gestion des ressources humaines permet de mieux r\u00e9partir les cong\u00e9s des employ\u00e9s. Encourager la prise de cong\u00e9s \u00e0 diff\u00e9rents moments de l&rsquo;ann\u00e9e peut r\u00e9duire l&rsquo;impact sur la productivit\u00e9 estivale. Profiter du ralentissement pour effectuer des t\u00e2ches qui sont souvent n\u00e9glig\u00e9es en p\u00e9riode de forte activit\u00e9. Cela peut concerner, l&rsquo;organisation des fichiers, la mise \u00e0 jour des bases de donn\u00e9es ou la r\u00e9vision des processus internes. Certaines entreprises profitent de cette p\u00e9riode pour diversifier leurs activit\u00e9s ou lancer des promotions sp\u00e9cifiques afin de stimuler la demande.<\/li>\n\n\n\n<li><strong>Communiquer et <a href=\"https:\/\/solutions.lesechos.fr\/equipe-management\/c\/management-et-leadership-10-actions-efficaces-pour-instaurer-un-esprit-dequipe-redoutable-36668\/\" target=\"_blank\" rel=\"noreferrer noopener\">renforcer l&rsquo;esprit d&rsquo;\u00e9quipe<\/a><\/strong> : Assurez-vous que toute l&rsquo;\u00e9quipe est inform\u00e9e des attentes et des priorit\u00e9s pendant l&rsquo;\u00e9t\u00e9. Clarifiez les responsabilit\u00e9s et les d\u00e9lais pour \u00e9viter les malentendus. Organisez des activit\u00e9s de team-building ou des \u00e9v\u00e9nements informels pour renforcer les liens entre les membres de votre \u00e9quipe. Cela peut contribuer \u00e0 maintenir la motivation et l&rsquo;engagement malgr\u00e9 le ralentissement de l&rsquo;activit\u00e9.<\/li>\n\n\n\n<li><strong>Maintenance et formation<\/strong> : Utiliser cette p\u00e9riode plus calme pour effectuer des maintenances techniques des mises \u00e0 jour de syst\u00e8mes ou des formations internes peut \u00eatre une mani\u00e8re efficace de pr\u00e9parer la rentr\u00e9e.<\/li>\n\n\n\n<li><strong>T\u00e9l\u00e9travail et flexibilit\u00e9<\/strong> : La mise en place de politiques de t\u00e9l\u00e9travail peut aider \u00e0 maintenir un niveau d&rsquo;activit\u00e9 acceptable m\u00eame en p\u00e9riode de faible pr\u00e9sence physique.<\/li>\n\n\n\n<li><strong>Pr\u00e9parer la rentr\u00e9e<\/strong> : Utiliser les mois d&rsquo;\u00e9t\u00e9 pour planifier et pr\u00e9parer la rentr\u00e9e. Fixez des objectifs pour le reste de l&rsquo;ann\u00e9e, \u00e9laborez des strat\u00e9gies pour stimuler la croissance de l&rsquo;entreprise et identifiez les domaines \u00e0 am\u00e9liorer.<\/li>\n<\/ol>\n\n\n<div style=\"background-color: #f6f8fa; padding: 30px;\">\n<h2 style=\"margin-top: 0;\">La baisse d\u2019activit\u00e9 en \u00e9t\u00e9 : ce qu\u2019il faut retenir<br \/><!-- notionvc: d5b77608-2c3a-4074-9854-560b74980771 --><\/h2>\n<p>Le ralentissement de l&rsquo;activit\u00e9 en entreprise durant l&rsquo;\u00e9t\u00e9 est un ph\u00e9nom\u00e8ne incontournable qui peut \u00eatre anticip\u00e9 et g\u00e9r\u00e9 efficacement. En anticipant, les entreprises peuvent non seulement minimiser les impacts n\u00e9gatifs mais aussi tirer parti de cette p\u00e9riode. Cela permet de se pr\u00e9parer \u00e0 un retour en force \u00e0 la rentr\u00e9e. Il s&rsquo;agit donc de transformer ce d\u00e9fi saisonnier en une opportunit\u00e9 strat\u00e9gique.<\/p>\n<\/div>","protected":false},"excerpt":{"rendered":"<p>L&rsquo;\u00e9t\u00e9, p\u00e9riode synonyme de vacances, de soleil et de d\u00e9tente, est aussi marqu\u00e9e par un ph\u00e9nom\u00e8ne bien connu des entreprises : le fl\u00e9chissement de l&rsquo;activit\u00e9<\/p>\n","protected":false},"author":22,"featured_media":6343,"comment_status":"open","ping_status":"open","sticky":false,"template":"","format":"standard","meta":{"footnotes":""},"categories":[12],"tags":[],"acf":[],"_links":{"self":[{"href":"https:\/\/www.manager.one\/fr\/journal\/wp-json\/wp\/v2\/posts\/6342"}],"collection":[{"href":"https:\/\/www.manager.one\/fr\/journal\/wp-json\/wp\/v2\/posts"}],"about":[{"href":"https:\/\/www.manager.one\/fr\/journal\/wp-json\/wp\/v2\/types\/post"}],"author":[{"embeddable":true,"href":"https:\/\/www.manager.one\/fr\/journal\/wp-json\/wp\/v2\/users\/22"}],"replies":[{"embeddable":true,"href":"https:\/\/www.manager.one\/fr\/journal\/wp-json\/wp\/v2\/comments?post=6342"}],"version-history":[{"count":6,"href":"https:\/\/www.manager.one\/fr\/journal\/wp-json\/wp\/v2\/posts\/6342\/revisions"}],"predecessor-version":[{"id":6374,"href":"https:\/\/www.manager.one\/fr\/journal\/wp-json\/wp\/v2\/posts\/6342\/revisions\/6374"}],"wp:featuredmedia":[{"embeddable":true,"href":"https:\/\/www.manager.one\/fr\/journal\/wp-json\/wp\/v2\/media\/6343"}],"wp:attachment":[{"href":"https:\/\/www.manager.one\/fr\/journal\/wp-json\/wp\/v2\/media?parent=6342"}],"wp:term":[{"taxonomy":"category","embeddable":true,"href":"https:\/\/www.manager.one\/fr\/journal\/wp-json\/wp\/v2\/categories?post=6342"},{"taxonomy":"post_tag","embeddable":true,"href":"https:\/\/www.manager.one\/fr\/journal\/wp-json\/wp\/v2\/tags?post=6342"}],"curies":[{"name":"wp","href":"https:\/\/api.w.org\/{rel}","templated":true}]}}