{"id":5318,"date":"2023-06-20T13:45:33","date_gmt":"2023-06-20T11:45:33","guid":{"rendered":"https:\/\/www.manager.one\/fr\/journal\/?p=5318"},"modified":"2023-06-30T16:05:28","modified_gmt":"2023-06-30T14:05:28","slug":"manon-vaillant-purenat","status":"publish","type":"post","link":"https:\/\/www.manager.one\/fr\/journal\/manon-vaillant-purenat\/","title":{"rendered":"PureNat, le premier textile qui d\u00e9pollue l\u2019air int\u00e9rieur : Rencontre avec sa directrice g\u00e9n\u00e9rale et cofondatrice, Manon Vaillant"},"content":{"rendered":"<p class=\"p1\">Fond\u00e9e en 2020, <a href=\"https:\/\/www.pure-nat.com\/\">PureNat<\/a> est une startup industrielle DeepTech qui pr\u00e9serve la sant\u00e9 et le bien-\u00eatre des populations. La startup d\u00e9veloppe le premier textile du march\u00e9 qui filtre et d\u00e9truit les polluants de l\u2019air.<\/p>\n<p class=\"p1\">Pour le Journal du Manager, <a href=\"https:\/\/www.linkedin.com\/in\/manon-vaillant-31b27b1a\/\">Manon Vaillant<\/a> nous raconte l\u2019histoire du premier textile qui d\u00e9pollue compl\u00e8tement l\u2019air int\u00e9rieur.<\/p>\n<h2><span data-contrast=\"none\">Pouvez-vous revenir sur votre parcours professionnel et entrepreneurial\u2009? Quelles sont les grandes \u00e9tapes\u2009?<\/span><\/h2>\n<p class=\"p1\">Pour la petite histoire, je suis ing\u00e9nieur de formation en <b>biotechnologie<\/b>. Mon domaine tourne autour des bact\u00e9ries, des virus, etc., et mes \u00e9tudes portent surtout sur la fa\u00e7on dont on utilise le vivant \u00e0 des fins industrielles pour proposer des technologies favorables \u00e0 un monde plus vert et plus durable.<\/p>\n<p class=\"p1\">Pendant 10\u00a0ans, j\u2019ai travaill\u00e9 chez un fabricant dans le monde de la chimie du v\u00e9g\u00e9tal. J\u2019y occupais des postes marketing (d\u2019abord op\u00e9rationnel, puis strat\u00e9gique) ce qui m\u2019a valu une double casquette scientifique et business. Au bout de dix\u00a0ann\u00e9es, j\u2019ai atteint une maturit\u00e9 qui faisait na\u00eetre en moi le besoin d\u2019entreprendre. Je souhaitais arr\u00eater le salariat et cela s&rsquo;est produit lorsque\u00a0<a href=\"https:\/\/www.linkedin.com\/in\/natacha-kinadjian-caplat-bb8bba68\/\">Natacha Kinadjian Caplat<\/a>, mon actuelle associ\u00e9e, lan\u00e7ait la startup <strong>PureNat<\/strong> pour exploiter le fruit de ses travaux de recherches. En effet, elle \u00e9tait en qu\u00eate de la personne qui l\u2019accompagnerait dans cette aventure.<\/p>\n<p class=\"p1\">C\u2019est gr\u00e2ce \u00e0 cette rencontre que nous nous sommes associ\u00e9es toutes les deux au sein de PureNat. Aujourd\u2019hui, nous exploitons son innovation.<\/p>\n<h2><span data-contrast=\"none\">Quelle est l\u2019histoire de PureNat\u2009? Comment avez-vous rejoint cette aventure\u2009?<\/span><\/h2>\n<p class=\"p1\">Il faut savoir que c\u2019est <strong>Natacha<\/strong> qui a mont\u00e9 l\u2019entreprise. Elle est l\u2019inventrice, la chercheuse \u00e0 l\u2019origine de la technologie mise au point par PureNat. En revanche, Natacha a un profil tr\u00e8s scientifique et elle en avait conscience. Pour pouvoir d\u00e9velopper correctement ce projet, il lui fallait compl\u00e9ter ses comp\u00e9tences avec une personne ayant un profil \u00ab\u2009business\u2009\u00bb.<\/p>\n<p class=\"p1\">De mani\u00e8re assez originale je dirais, elle a fait para\u00eetre une offre d\u2019emploi pour recherche d\u2019associ\u00e9. Sur cette offre d\u2019emploi \u00e9tait d\u00e9crit un profil avec des comp\u00e9tences marketing et commerciales, dans un secteur d\u2019activit\u00e9 qui s&rsquo;apparente \u00e0 la d\u00e9sinfection de l\u2019air. Sachant que j\u2019avais travaill\u00e9 pendant 10\u00a0ans sur la d\u00e9sinfection des surfaces (dans des locaux), c\u2019\u00e9tait une th\u00e9matique qui me parlait. \u00c0 cela s\u2019ajoutait l\u2019implantation g\u00e9ographique sur <strong>Anglet<\/strong>, l\u2019endroit o\u00f9 je vis et o\u00f9 je souhaitais continuer d\u2019\u00e9voluer professionnellement. Pour couronner le tout, elle proposait un d\u00e9fi entrepreneurial, ce que je cherchais aussi. C\u2019\u00e9tait le d\u00e9clic\u2009!<\/p>\n<p class=\"p1\">\u00c0 l\u2019\u00e9poque, j\u2019avais des alertes emploi de secours sur LinkedIn le cas \u00e9ch\u00e9ant, m\u00eame si je ne voulais plus retourner dans le salariat. Et cette offre d\u2019emploi m\u2019est apparue. Un projet orient\u00e9\u2009<strong>Tech for Good<\/strong>\u00a0avec un impact positif pour la sant\u00e9 et l\u2019environnement, ce qui me parlait \u00e9norm\u00e9ment. On va dire que les plan\u00e8tes \u00e9taient align\u00e9es. J\u2019ai donc postul\u00e9, puis nous nous sommes rencontr\u00e9 et vous connaissez la suite.<\/p>\n<h2><span data-contrast=\"none\">Pouvez-vous pr\u00e9senter le concept et l\u2019activit\u00e9 de PureNat\u2009?\u00a0<\/span><span data-ccp-props=\"{&quot;134233117&quot;:false,&quot;134233118&quot;:false,&quot;201341983&quot;:0,&quot;335551550&quot;:1,&quot;335551620&quot;:1,&quot;335559685&quot;:0,&quot;335559737&quot;:0,&quot;335559738&quot;:0,&quot;335559739&quot;:0,&quot;335559740&quot;:276}\">\u00a0<\/span><\/h2>\n<p class=\"p1\">PureNat fait de la <b>d\u00e9pollution de l\u2019air int\u00e9rieur<\/b>. Aujourd\u2019hui, les solutions qui existent pour traiter l\u2019air int\u00e9rieur ne permettent pas de le faire de mani\u00e8re suffisamment performante. Encore moins avec des moyens \u00e9cologiques et durables. Notre innovation nous permet de proposer au march\u00e9 une nouvelle technologie capable d\u2019am\u00e9liorer les performances de traitement de l\u2019air. En d\u00e9truisant la pollution \u00e0 la source, on est capable de le faire de mani\u00e8re vertueuse et durable.<\/p>\n<p class=\"p1\">Notre solution se base sur la <b>chimie des mat\u00e9riaux<\/b>. En effet, nous avons d\u00e9velopp\u00e9 un mat\u00e9riau composite, un fil capable de d\u00e9truire tous les polluants organiques qui se trouvent dans l\u2019air. Autrement dit, les\u00a0<b>bact\u00e9ries<\/b>, les <b>virus<\/b> et les <b>polluants chimiques<\/b>\u00a0<b>organiques<\/b> qui sont la plupart du temps \u00e9mis par le b\u00e2timent (les rev\u00eatements, la peinture, le mobilier, les cols, etc.). \u00c0 partir de ce fil, nous fabriquons le premier textile du march\u00e9 qui va non seulement capter, et arr\u00eater les polluants, comme un filtre. D\u2019ailleurs, c\u2019est actuellement ce qui est utilis\u00e9 pour traiter l\u2019air.<\/p>\n<p class=\"p1\">Par contre, \u00e0 la diff\u00e9rence d\u2019un filtre normal, tout ce qui est stopp\u00e9 sera d\u00e9truit. C\u2019est l\u00e0 que r\u00e9side notre innovation. \u00c9tant donn\u00e9 qu\u2019il n\u2019y aura plus l\u2019encrassement du filtre, il devient inutile de le changer aussi r\u00e9guli\u00e8rement. Cela \u00e9vite une maintenance lourde et co\u00fbteuse, l\u2019accumulation et l\u2019incin\u00e9ration des d\u00e9chets qui a un impact catastrophique.<\/p>\n<p class=\"p1\">De plus, l\u2019innovation est d\u00e9velopp\u00e9e de sorte \u00e0 apporter des performances sup\u00e9rieures \u00e0 ce qu\u2019apportent les filtres actuellement.<\/p>\n<h2><span data-contrast=\"none\">Qu\u2019est-ce qu\u2019une technologie biomim\u00e9tique, et comment fonctionne-t-elle\u2009?\u00a0<\/span><span data-ccp-props=\"{&quot;134233117&quot;:false,&quot;134233118&quot;:false,&quot;201341983&quot;:0,&quot;335551550&quot;:1,&quot;335551620&quot;:1,&quot;335559685&quot;:0,&quot;335559737&quot;:0,&quot;335559738&quot;:0,&quot;335559739&quot;:0,&quot;335559740&quot;:276}\">\u00a0<\/span><\/h2>\n<p class=\"p1\">Le <strong>biomim\u00e9tisme<\/strong> consiste \u00e0 s\u2019inspirer de ce qui existe naturellement dans le monde vivant et de le reproduire de fa\u00e7on industrielle pour en tirer les avantages de fonctionnalit\u00e9s hors du commun.<\/p>\n<p class=\"p1\">Durant sa th\u00e8se, Natacha a d\u00e9velopp\u00e9 un nouveau proc\u00e9d\u00e9 de filage permettant de fabriquer un <strong>fil photocatalytique d\u00e9polluant flexible<\/strong>. La m\u00e9thode mise au point permet de structurer une fibre complexe imitant les alv\u00e9oles des \u00e9ponges marines. Cette structure est un atout majeur qui donne un \u00e9quilibre parfait, jamais obtenu jusqu\u2019alors, maximisant les \u00e9changes entre l\u2019air et la mati\u00e8re active purifiante, pour de meilleures performances d\u2019\u00e9puration.<\/p>\n<h2><span data-contrast=\"none\"><span class=\"NormalTextRun SCXW123321914 BCX0\">Quels <\/span><span class=\"NormalTextRun SCXW123321914 BCX0\">d\u00e9fis<\/span><span class=\"NormalTextRun SCXW123321914 BCX0\"> avez-vous rencontr\u00e9 lors de votre aventure avec PureNat\u202f?<\/span> <\/span><span data-ccp-props=\"{&quot;134233117&quot;:false,&quot;134233118&quot;:false,&quot;201341983&quot;:0,&quot;335551550&quot;:1,&quot;335551620&quot;:1,&quot;335559685&quot;:0,&quot;335559737&quot;:0,&quot;335559738&quot;:0,&quot;335559739&quot;:0,&quot;335559740&quot;:276}\">\u00a0<\/span><\/h2>\n<p class=\"p1\">Mon premier chantier a \u00e9t\u00e9 de reprendre le business plan. Je me suis \u00e9galement charg\u00e9e d\u2019actionner davantage l\u2019\u00e9tude de tous les march\u00e9s et du territoire dans lequel on pouvait s\u2019implanter. Quel business model \u00e9tait plus int\u00e9ressant \u00e0 d\u00e9velopper\u2009? Il m\u2019a fallu revoir toute l\u2019exploration marketing du sujet, car il ne suffit pas d\u2019avoir une innovation de rupture pour r\u00e9ussir. Vous aurez beau avoir la meilleure innovation du monde, s\u2019il n\u2019y a pas un besoin et que vous ne comprenez pas la meilleure fa\u00e7on d\u2019acc\u00e9der \u00e0 ce march\u00e9, l\u2019activit\u00e9 ne marchera pas.<\/p>\n<p class=\"p1\">Le second axe dont je me suis occup\u00e9e concerne les questions de financement. Notons que nous sommes une DeepTech, car nous proposons une innovation de rupture. De ce fait, il y a un temps\u00a0de d\u00e9veloppement tr\u00e8s long avant de pouvoir acc\u00e9der au march\u00e9 lorsqu\u2019il s\u2019agit de sujets d\u2019innovation comme celui-l\u00e0. Comment faire pour financer ces phases de d\u00e9veloppement extr\u00eamement co\u00fbteuses alors qu\u2019on ne fait pas de chiffre d\u2019affaires\u2009? C\u2019est un r\u00e9el enjeu et si l\u2019on veut survivre, il faut trouver des leviers de financement. Ce sont les deux grands d\u00e9fis auxquels j\u2019ai d\u00fb faire face.<\/p>\n<h2><span data-contrast=\"none\">Vous avez lev\u00e9 1,1 million d\u2019euros\u2009en mars 2023. \u00c0 quoi ce montant\u2009a-t-il\u2009servi\u2009?\u00a0<\/span><span data-ccp-props=\"{&quot;134233117&quot;:false,&quot;134233118&quot;:false,&quot;201341983&quot;:0,&quot;335551550&quot;:1,&quot;335551620&quot;:1,&quot;335559685&quot;:0,&quot;335559737&quot;:0,&quot;335559738&quot;:0,&quot;335559739&quot;:0,&quot;335559740&quot;:276}\">\u00a0<\/span><\/h2>\n<p class=\"p1\">Concr\u00e8tement, ces fonds nous permettent de <strong>structurer<\/strong> PureNat. Avant la lev\u00e9e, nous \u00e9tions 4 en termes d\u2019effectif. \u00c0 savoir une stagiaire, un alternant, les deux associ\u00e9es (Natacha et moi). Depuis la lev\u00e9e, nous avons pu recruter et aujourd\u2019hui, nous avons 4\u00a0salari\u00e9s et une prestataire externalis\u00e9e sur la partie administrative. Sans oublier que nous avons d\u2019autres recrutements en cours.<\/p>\n<p class=\"p1\">En outre, cette lev\u00e9e de fonds nous aidera \u00e0 r\u00e9ussir l\u2019<strong>amor\u00e7age industriel<\/strong>. La premi\u00e8re \u00e9tape de notre phase R&amp;D \u00e9tant termin\u00e9e, l\u2019enjeu est de faire le transfert industriel et d\u2019\u00eatre en mesure de fabriquer. Pour cela, il faut pouvoir monter une unit\u00e9 de production, ce qui n\u00e9cessite des investissements cons\u00e9quents. La lev\u00e9e nous aidera donc \u00e0 terminer cette premi\u00e8re phase d\u2019amor\u00e7age industriel et \u00e0 pouvoir d\u00e9marrer la phase commerciale correctement.<\/p>\n<h2><span data-contrast=\"none\">Quelles le\u00e7ons retenez-vous de cette aventure\u2009entrepreneuriale\u2009?<\/span><\/h2>\n<p class=\"p1\">Cette aventure m\u2019a \u00e9norm\u00e9ment appris. Aujourd\u2019hui, j\u2019en retiens que la bonne posture, selon moi, c\u2019est l\u2019humilit\u00e9 pour soi et une ambition forte pour l\u2019entreprise.<\/p>\n<p class=\"p1\">En outre, il y a aussi des indispensables \u00e0 acqu\u00e9rir afin qu\u2019une entreprise fonctionne correctement\u00a0:<\/p>\n<ul>\n<li class=\"p1\"><b>Bien<\/b> <b>s\u2019entourer<\/b>\u00a0: choisir ses partenaires et ne pas h\u00e9siter \u00e0 en choisir beaucoup pour chaque sp\u00e9cialit\u00e9 inh\u00e9rente \u00e0 la gestion d\u2019entreprise. L\u2019\u00e9cosyst\u00e8me, les r\u00e9seaux en lien avec son secteur d\u2019activit\u00e9 et sa typologie d\u2019entreprise sont \u00e9galement des facteurs importants \u00e0 cultiver. Ils permettent d\u2019actionner tous les leviers de r\u00e9ussite et d\u2019ouvrir toutes les portes le moment venu\u00a0: <b>institutionnels<\/b>, <b>associations<\/b>, <b>collectifs<\/b>, <b>clusters<\/b>\u2026<\/li>\n<li class=\"p1\"><b>Bien s\u2019associer<\/b>\u00a0: difficile d\u2019avancer seul. Il me semble crucial de pouvoir partager le risque et les r\u00e9ussites avec un associ\u00e9 de confiance partageant la m\u00eame vision et les m\u00eames valeurs que vous. Toutefois, il serait plus int\u00e9ressant que cet associ\u00e9 ait un mode de fonctionnement diff\u00e9rent et des comp\u00e9tences compl\u00e9mentaires aux v\u00f4tres. Cela permet de challenger chaque d\u00e9cision au quotidien et d\u2019enrichir la r\u00e9flexion et les angles de vue.<\/li>\n<li class=\"p1\"><b>Bien recruter<\/b>\u00a0: les \u00e9quipes sont la premi\u00e8re ressource cl\u00e9 de l\u2019entreprise. Le recrutement est une \u00e9tape cruciale et les \u00e9quipes doivent \u00eatre soign\u00e9es au quotidien. Le management de l\u2019organisation et la mise en place du cadre pour l\u2019organisation sont prioritaires. En effet, les \u00e9quipes performantes sont celles qui trouvent du sens \u00e0 ce qu\u2019elles font, qui se sentent int\u00e9gr\u00e9es, impliqu\u00e9es, reconnues, valoris\u00e9es et responsabilis\u00e9es. Cela passe par une communication sans filtre et beaucoup de temps de partage en interaction constante entre les \u00e9quipes. La culture d\u2019entreprise et la co-construction de la vision puis des objectifs et des plans d\u2019action sont pour moi une cl\u00e9 pour fid\u00e9liser les \u00e9quipes et les amener \u00e0 performer.<\/li>\n<li class=\"p1\"><b>Avoir un march\u00e9<\/b>\u2009! M\u00eame la plus incroyable des innovations, d\u2019un point de vue technique ou scientifique, n\u2019aura aucune chance de r\u00e9ussir si elle ne r\u00e9pond \u00e0 aucun besoin fondamental. L\u2019innovation a de l\u2019avenir seulement lorsqu\u2019elle r\u00e9pond aux besoins du monde.<\/li>\n<li class=\"p1\"><b>La puissance du storytelling.<\/b> Il est important de savoir raconter l\u2019histoire de son innovation et la fa\u00e7on dont elle peut changer le monde et la vie de sa cible. Vendre une innovation passe avant tout par un bon storytelling, et c\u2019est aussi ce qui permet de lever des fonds.<\/li>\n<\/ul>\n<h2><span data-contrast=\"none\">Quelles sont vos ambitions pour PureNat\u2009?\u00a0<\/span><span data-ccp-props=\"{&quot;134233117&quot;:false,&quot;134233118&quot;:false,&quot;201341983&quot;:0,&quot;335551550&quot;:1,&quot;335551620&quot;:1,&quot;335559685&quot;:0,&quot;335559737&quot;:0,&quot;335559738&quot;:0,&quot;335559739&quot;:0,&quot;335559740&quot;:276}\">\u00a0<\/span><\/h2>\n<p class=\"p1\">Nous voulons faire de PureNat le <strong>Gore-Tex<\/strong> de la d\u00e9pollution de l\u2019air int\u00e9rieur. En int\u00e9grant notre technologie partout o\u00f9 il est n\u00e9cessaire de d\u00e9polluer l\u2019air\u00a0: <strong>b\u00e2timents<\/strong>, <strong>cabines d\u2019avion<\/strong>, <strong>habitacles automobiles<\/strong>, <strong>cha\u00eenes industrielles<\/strong>\u2026<\/p>\n<p class=\"p1\">\u00c9videmment, nous souhaitons que ce d\u00e9ploiement se fasse avec un rayonnement international. Et cela, tout en restant un industriel fran\u00e7ais, en cr\u00e9ant une usine (ou plusieurs) en France. Une fa\u00e7on pour nous de participer \u00e0 la souverainet\u00e9 fran\u00e7aise et \u00e0 la r\u00e9industrialisation de la filiale du textile industriel, largement d\u00e9localis\u00e9e en Asie.<\/p>\n<p class=\"p1\">Nous souhaitons faire de PureNat une r\u00e9ponse incontournable aux sujets de d\u00e9carbonations de l\u2019industrie, et participer ainsi aux objectifs de<strong> neutralit\u00e9 carbone \u00e0 horizon\u00a02040<\/strong>.<\/p>\n<h2><span data-contrast=\"none\">Sur quoi misez-vous pour votre d\u00e9veloppement\u2009?<\/span><\/h2>\n<p>Pour que le d\u00e9veloppement de PureNat soit un succ\u00e8s, nous avons d\u00e9cid\u00e9 de nous focaliser sur trois axes. Le premier est <strong>l\u2019innovation<\/strong>. Nous continuons sur ce dynamisme avec des programmes R&amp;D ambitieux. Des programmes qui nous permettront de continuer d\u2019avancer en termes de qualit\u00e9 et performance de la technologie, de recyclabilit\u00e9, de circularit\u00e9 pour notre \u00e9conomie, de diminution des d\u00e9chets industriels, de facilit\u00e9 \u00e0 int\u00e9grer la technologie partout o\u00f9 cela est n\u00e9cessaire et de r\u00e9duction des consommations \u00e9nerg\u00e9tiques.<\/p>\n<p class=\"p1\">Le second facteur est <strong>l\u2019outil industriel<\/strong>. Notre plus grande limite \u00e0 ce jour r\u00e9side dans nos capacit\u00e9s industrielles. Elles nous imposent pour le moment de rester conservateur et d\u2019effectuer des choix commerciaux strat\u00e9giques. Ainsi, nos d\u00e9fis industriels pour se d\u00e9velopper \u00e0 la hauteur de nos ambitions sont\u00a0:<\/p>\n<ul>\n<li class=\"p1\">augmenter les cadences de production,<\/li>\n<li class=\"p1\">\u00eatre capable de fabriquer un nouveau produit\u00a02en1 plus facile \u00e0 int\u00e9grer,<\/li>\n<li class=\"p1\">fabriquer des textiles plus performants.<\/li>\n<\/ul>\n<p class=\"p1\">Enfin, le dernier facteur est <strong>l\u2019export<\/strong>. Nous pr\u00e9voyons de cibler en priorit\u00e9 les pays les plus attractifs en termes de donn\u00e9es de march\u00e9 et de comportement vis-\u00e0-vis du sujet de la qualit\u00e9 de l\u2019air. On peut citer l\u2019Asie, les \u00c9tats-Unis, l\u2019Allemagne, l\u2019Europe du Nord, le Qatar et l\u2019Arabie Saoudite. Des \u00e9tudes de march\u00e9 plus approfondies seront n\u00e9cessaires pour affiner notre projet.<\/p>\n<p>&nbsp;<\/p>\n<p style=\"text-align: right;\"><em>Nos remerciements \u00e0 Manon Vaillant, Directrice G\u00e9n\u00e9rale &amp; cofondatrice\u00a0<span class=\"TextRun SCXW79974533 BCX0\" lang=\"FR-FR\" xml:lang=\"FR-FR\" data-contrast=\"none\"><span class=\"NormalTextRun SCXW79974533 BCX0\">de PureNat<\/span><\/span>.<\/em><br \/>\n<em>Propos rapport\u00e9s par l\u2019\u00e9quipe de <a href=\"https:\/\/www.manager.one\/fr\/\">manager.one<\/a><\/em><\/p>\n","protected":false},"excerpt":{"rendered":"<p>Fond\u00e9e en 2021, PureNat est une startup industrielle DeepTech qui pr\u00e9serve la sant\u00e9 et le bien-\u00eatre des populations. La startup d\u00e9veloppe le premier textile&#8230;<\/p>\n","protected":false},"author":19,"featured_media":5482,"comment_status":"open","ping_status":"open","sticky":false,"template":"","format":"standard","meta":{"footnotes":""},"categories":[15],"tags":[],"acf":[],"_links":{"self":[{"href":"https:\/\/www.manager.one\/fr\/journal\/wp-json\/wp\/v2\/posts\/5318"}],"collection":[{"href":"https:\/\/www.manager.one\/fr\/journal\/wp-json\/wp\/v2\/posts"}],"about":[{"href":"https:\/\/www.manager.one\/fr\/journal\/wp-json\/wp\/v2\/types\/post"}],"author":[{"embeddable":true,"href":"https:\/\/www.manager.one\/fr\/journal\/wp-json\/wp\/v2\/users\/19"}],"replies":[{"embeddable":true,"href":"https:\/\/www.manager.one\/fr\/journal\/wp-json\/wp\/v2\/comments?post=5318"}],"version-history":[{"count":12,"href":"https:\/\/www.manager.one\/fr\/journal\/wp-json\/wp\/v2\/posts\/5318\/revisions"}],"predecessor-version":[{"id":5478,"href":"https:\/\/www.manager.one\/fr\/journal\/wp-json\/wp\/v2\/posts\/5318\/revisions\/5478"}],"wp:featuredmedia":[{"embeddable":true,"href":"https:\/\/www.manager.one\/fr\/journal\/wp-json\/wp\/v2\/media\/5482"}],"wp:attachment":[{"href":"https:\/\/www.manager.one\/fr\/journal\/wp-json\/wp\/v2\/media?parent=5318"}],"wp:term":[{"taxonomy":"category","embeddable":true,"href":"https:\/\/www.manager.one\/fr\/journal\/wp-json\/wp\/v2\/categories?post=5318"},{"taxonomy":"post_tag","embeddable":true,"href":"https:\/\/www.manager.one\/fr\/journal\/wp-json\/wp\/v2\/tags?post=5318"}],"curies":[{"name":"wp","href":"https:\/\/api.w.org\/{rel}","templated":true}]}}