{"id":5314,"date":"2023-05-09T13:45:39","date_gmt":"2023-05-09T11:45:39","guid":{"rendered":"https:\/\/www.manager.one\/fr\/journal\/?p=5314"},"modified":"2023-05-11T10:50:35","modified_gmt":"2023-05-11T08:50:35","slug":"mathieu-toulemonde-terraterre-by-agoterra","status":"publish","type":"post","link":"https:\/\/www.manager.one\/fr\/journal\/mathieu-toulemonde-terraterre-by-agoterra\/","title":{"rendered":"TerraTerre by Agoterra, la finance carbone au service de la transition agro\u00e9cologique : Rencontre avec son CEO, Mathieu Toulemonde"},"content":{"rendered":"<p><span data-contrast=\"none\">Fond\u00e9e en 2021, <a href=\"https:\/\/www.terraterre.co\/\">TerraTerre by Agoterra<\/a> est une entreprise \u00e0 mission avec des objectifs sociaux et environnementaux ambitieux.<\/span><span data-ccp-props=\"{&quot;201341983&quot;:0,&quot;335551550&quot;:6,&quot;335551620&quot;:6,&quot;335559739&quot;:160,&quot;335559740&quot;:259}\">\u00a0<\/span><span data-contrast=\"none\">Elle accompagne les entreprises qui souhaitent entreprendre une action climat avec un fort impact local et social, en soutenant les agriculteurs de leur territoire \u00e0 passer \u00e0 une agriculture r\u00e9g\u00e9n\u00e9ratrice et bas-carbone.<\/span><\/p>\n<p>Pour le Journal du Manager, <a href=\"https:\/\/www.linkedin.com\/in\/mathieutoulemonde\/\">Mathieu Toulemonde<\/a> nous raconte son aventure entrepreneuriale avec TerraTerre (by Agoterra).<\/p>\n<h2><span data-contrast=\"auto\">Pouvez-vous revenir sur votre parcours professionnel et entrepreneurial\u2009? Quelles sont les grandes \u00e9tapes\u2009?<\/span><\/h2>\n<p class=\"p1\">J\u2019ai grandi dans le Nord, et apr\u00e8s un passage \u00e0 Grenoble pour mon \u00e9cole de commerce, j\u2019ai rejoint Agorize, en tant qu\u2019un des tous premiers collaborateurs.<\/p>\n<p class=\"p1\">Pendant pr\u00e8s de 10\u00a0ans, j\u2019ai particip\u00e9 au d\u00e9veloppement de cette entreprise sp\u00e9cialis\u00e9e dans le lancement de concours en ligne entre talents (\u00e9tudiants, d\u00e9veloppeurs, startups) et entreprises. Puis, j\u2019ai pris la t\u00eate du p\u00f4le Asie\u00a0que j\u2019ai mont\u00e9 et d\u00e9velopp\u00e9 jusqu\u2019\u00e0 atteindre <strong>35\u00a0collaborateurs<\/strong> de <strong>18\u00a0nationalit\u00e9s<\/strong> sur 3\u00a0villes\u00a0: <strong>Hong Kong<\/strong>, <strong>Singapour<\/strong> et <strong>Tokyo<\/strong>.<\/p>\n<p class=\"p1\">C\u2019est en 2020, en reprenant contact avec la ferme familiale bas\u00e9e \u00e0 Villeneuve-d\u2019Ascq que nous avons d\u00e9cid\u00e9 de passer en agriculture biologique. Je me suis rendu compte des d\u00e9fis auxquels font face les agriculteurs qui veulent changer leurs pratiques. \u00c0 savoir la baisse de rendements, les investissements en temps et en argent, les risques li\u00e9s \u00e0 la transition, etc.<\/p>\n<p class=\"p1\">C\u2019est l\u00e0 que l\u2019id\u00e9e de TerraTerre by Agoterra est n\u00e9e\u00a0: accompagner techniquement et financi\u00e8rement les agriculteurs dans leur transition sur 5\u00a0ans pour un monde fertile et bas-carbone. Pour cela, nous proposons \u00e0 des entreprises engag\u00e9es dans une transition bas-carbone de soutenir les agriculteurs situ\u00e9s \u00e0 moins de <strong>100\u00a0km<\/strong> de leurs sites. Cela via des cr\u00e9dits carbone certifi\u00e9s.<\/p>\n<p class=\"p1\">En quelques chiffres, TerraTerre by Agoterra c\u2019est\u00a0:<\/p>\n<ul>\n<li class=\"p1\">Une <strong>dizaine<\/strong> de collaborateurs bas\u00e9s \u00e0 Lille, Lyon et Paris<\/li>\n<li class=\"p1\">Pr\u00e8s de <strong>2000\u00a0agriculteurs<\/strong> engag\u00e9s en France et en Europe avec nos partenaires agricoles<\/li>\n<li class=\"p1\">Plus de <strong>50\u00a0entreprises<\/strong> clients dont <strong>JCDecaux<\/strong>, <strong>Dior Parfum<\/strong>, <strong>Allianz<\/strong>, <strong>Chlo\u00e9<\/strong>, <strong>Banque Populaire<\/strong>, <strong>Innocent<\/strong>, <strong>Kronenbourg<\/strong>\u2026<\/li>\n<li class=\"p1\">Un impact de <strong>45\u2009000\u00a0t <\/strong>de CO2 stock\u00e9s ou \u00e9vit\u00e9s gr\u00e2ce \u00e0 nos actions.<\/li>\n<\/ul>\n<h2>Justement, comment ce projet est-il n\u00e9\u2009? Quel a \u00e9t\u00e9 le d\u00e9clic\u2009?<\/h2>\n<p class=\"p1\">En 2019, j\u2019ai voulu faire \u00ab\u2009un truc bien\u2009\u00bb pour la plan\u00e8te. J\u2019ai donc plant\u00e9 <strong>1000\u00a0arbres<\/strong> en Inde pour compenser nos \u00e9missions r\u00e9siduelles.<\/p>\n<p class=\"p1\">Apr\u00e8s quoi, j\u2019ai re\u00e7u un certificat papier par la Poste, mais il n\u2019y avait aucune information sur les arbres plant\u00e9s, la localisation, le suivi et la certification. J\u2019ai trouv\u00e9 cela l\u00e9ger, tr\u00e8s l\u00e9ger\u2026<\/p>\n<p class=\"p1\">Puis, au moment de passer la ferme familiale en agriculture bio, je me suis rappel\u00e9 cette frustration avec une id\u00e9e toute simple\u00a0: relocaliser la finance carbone au profit de la transition de nos agriculteurs.<\/p>\n<p class=\"p1\">J\u2019ai donc creus\u00e9 le sujet\u00a0:<\/p>\n<ul>\n<li class=\"p1\"><strong>3\u00a0%<\/strong> des cr\u00e9dits carbone achet\u00e9s en France en 2021 ont soutenu des projets localis\u00e9s en France.<\/li>\n<li class=\"p1\"><strong>88\u00a0%<\/strong> des cr\u00e9dits vendus sont issus de projets forestiers ou projets d\u2019\u00e9nergie renouvelable.<\/li>\n<li class=\"p1\">Seulement <strong>1\u00a0%<\/strong> pour les projets d\u2019agriculture durable, alors que nos sols agricoles repr\u00e9sentent le 2e\u00a0puits de carbone en Europe.<\/li>\n<\/ul>\n<p class=\"p1\">C\u2019est ainsi que j\u2019ai lanc\u00e9 TerraTerre by Agoterra. L\u2019objectif \u00e9tait de donner des moyens aux milliers d\u2019agriculteurs en France et en Europe qui sont pr\u00eats \u00e0 changer leurs pratiques.<\/p>\n<h2><span data-contrast=\"auto\">Pouvez-vous pr\u00e9senter votre activit\u00e9 ainsi que le concept de TerraTerre\u2009by Agoterra?<\/span><\/h2>\n<p class=\"p1\">TerraTerre by Agoterra a une seule mission\u00a0: acc\u00e9l\u00e9rer la transition agro\u00e9cologique.<\/p>\n<p class=\"p1\">Actuellement, l\u2019agriculture est responsable de <strong>20\u00a0%<\/strong> des \u00e9missions de GES mondiales. Elle n\u2019est pas du tout adapt\u00e9e aux \u00e9volutions climatiques \u00e0 venir alors que l\u2019on pourrait transformer la majorit\u00e9 des sols agricoles en puits de carbone\u2009!<\/p>\n<p class=\"p1\">Notre m\u00e9tier est donc d\u2019aider les entreprises engag\u00e9es \u00e0 agir concr\u00e8tement pour le climat au moyen de cr\u00e9dits carbone. Des cr\u00e9dits que l\u2019on mettra au service de la transition d\u2019agriculteurs locaux vers un mode de production r\u00e9g\u00e9n\u00e9rateur.<\/p>\n<p class=\"p1\">Concr\u00e8tement, une entreprise engag\u00e9e dans une d\u00e9marche climatique conforme aux efforts de Paris doit d\u2019abord mesurer ses \u00e9missions de CO2, les r\u00e9duire au maximum puis compenser celles qui sont in\u00e9vitables en achetant des cr\u00e9dits carbone qui permettent de financer des projets de capture et de stockage de carbone. Nous proposons donc \u00e0 nos clients de contribuer \u00e0 la neutralit\u00e9 carbone mondiale de fa\u00e7on hyper locale, en achetant des cr\u00e9dits carbone qui vont servir la transition agro\u00e9cologique d\u2019agriculteurs de leur territoire.<\/p>\n<p class=\"p1\">Une plateforme de suivi d\u00e9di\u00e9e, des visites de fermes et un accompagnement sur mesure permettent de rendre concr\u00e8te cette \u00e9tape essentielle de toute strat\u00e9gie bas-carbone qu\u2019est la contribution \u00e0 la neutralit\u00e9 mondiale.<\/p>\n<h2><span data-contrast=\"auto\">Qu\u2019est-ce que l\u2019agriculture r\u00e9g\u00e9n\u00e9ratrice\u2009? Quels en sont les pratiques et les avantages\u2009?<\/span><\/h2>\n<p class=\"p1\">En fait, l\u2019agriculture du 21e\u00a0si\u00e8cle est dans une situation tout \u00e0 fait paradoxale. C\u2019est \u00e0 la fois l\u2019un des premiers postes d\u2019\u00e9missions de GES au monde et un formidable outil de lutte contre le changement climatique si l\u2019on parvient \u00e0 transformer les sols en puits de carbone.<\/p>\n<p class=\"p1\">Le but est donc de d\u00e9velopper le plus possible l\u2019adoption de pratiques r\u00e9g\u00e9n\u00e9ratrices. Et cela pour deux raisons. Tout d\u2019abord, elles permettent de rendre l\u2019agriculture plus r\u00e9siliente aux al\u00e9as environnementaux (car on restaure la sant\u00e9 des sols en augmentant la teneur en mati\u00e8res organiques des sols et en am\u00e9liorant leur structure). Ensuite, elles permettent de d\u00e9carboner fortement l\u2019ensemble du secteur et de s\u00e9questrer du carbone atmosph\u00e9rique. On appelle cet ensemble de pratiques l\u2019agriculture r\u00e9g\u00e9n\u00e9ratrice.<\/p>\n<p><span style=\"font-weight: 400;\">D\u2019ailleurs, on a \u00e9crit un article complet \u00e0 ce sujet <\/span><a href=\"https:\/\/www.terraterre.co\/articles\/quest-ce-que-lagriculture-regeneratrice\"><span style=\"font-weight: 400;\">ici<\/span><\/a><span style=\"font-weight: 400;\">.<\/span><\/p>\n<h2><span data-contrast=\"auto\">Selon vous, comment le secteur va-t-il \u00e9voluer ces 10 prochaines ann\u00e9es\u2009?<\/span><\/h2>\n<p class=\"p1\">Je pense que la pression du grand public et des investisseurs va s\u2019accentuer sur les entreprises afin que ces derni\u00e8res agissent pour limiter les effets du changement climatique et r\u00e9g\u00e9n\u00e9rer nos \u00e9cosyst\u00e8mes naturels. En ce sens, je trouve que le m\u00e9canisme des cr\u00e9dits carbone est particuli\u00e8rement adapt\u00e9 pour rediriger une partie des flux mon\u00e9taires vers des projets ayant un impact environnemental mesurable, tra\u00e7able et v\u00e9rifiable. Mais il me semble important de mettre en place des garde-fous importants. Cela afin que \u00ab\u2009finance carbone\u2009\u00bb rime avec un r\u00e9el impact.<\/p>\n<h2><span data-contrast=\"auto\">Pouvez vous nous donner un exemple d&rsquo;entreprise que vous accompagnez dans leur contribution carbone ?<\/span><\/h2>\n<p class=\"p1\">On peut par exemple citer <strong>Allianz Travel<\/strong> qui a choisi de renforcer son engagement RSE en contribuant \u00e0 des projets bas-carbone et de biodiversit\u00e9.<\/p>\n<p class=\"p1\">Dans le cadre des missions sanitaires internationales d\u2019urgence, l\u2019avion est souvent le seul moyen de transport envisageable pour rapatrier les voyageurs de mani\u00e8re rapide et s\u00e9curis\u00e9e. Allianz Travel a mesur\u00e9 ces \u00e9missions de CO2 qui sont incompressibles, car in\u00e9vitables, et a donc souhait\u00e9 contribuer \u00e0 des projets bas carbone \u00e0 hauteur de <strong>20\u00a0%<\/strong> de ce volume d\u2019\u00e9missions. Avec TerraTerre by Agoterra, Allianz Travel soutient deux agriculteurs fran\u00e7ais dans leur transition agro\u00e9cologique, \u00e0 Beauce-la-Romaine et Arrou.<\/p>\n<p class=\"p1\">Ces agriculteurs mettent en place des pratiques durables, qui permettront sur les 5\u00a0ann\u00e9es du programme de r\u00e9duire et\/ou s\u00e9questrer l\u2019\u00e9quivalent de <strong>1720<\/strong>\u00a0t de CO2 correspondant \u00e0 <strong>20\u00a0%<\/strong> des \u00e9missions r\u00e9alis\u00e9es en 2022 dans le cadre des prestations d\u2019assistance m\u00e9dicale d\u2019Allianz Travel. En soutenant des projets locaux, l\u2019entreprise contribue \u00e9galement \u00e0 la g\u00e9n\u00e9ration de nombreux b\u00e9n\u00e9fices environnementaux (pr\u00e9servation de l\u2019eau, augmentation de la biodiversit\u00e9, am\u00e9lioration de la fertilit\u00e9 des sols\u2026) et sociaux contribuant \u00e0 la redynamisation de nos territoires (emploi et dynamisme local, investissements locaux\u2026).<\/p>\n<h2><span data-contrast=\"auto\">Quelles sont vos ambitions pour\u2009TerraTerre\u2009? Souhaitez-vous p\u00e9n\u00e9trer de nouveaux march\u00e9s\u2009?<\/span><\/h2>\n<p class=\"p1\">Oui, en effet, notre mission est d\u2019acc\u00e9l\u00e9rer la transition vers une agriculture durable et bas-carbone. Nous souhaitons donc proposer une solution de contribution adapt\u00e9e \u00e0 tous les budgets et dans le plus d\u2019endroits possible.<\/p>\n<p class=\"p1\">Ainsi, nous avons lanc\u00e9 le mois dernier une offre de <a href=\"https:\/\/www.terraterre.co\/cofinancement\">co-financement<\/a> \u00e0 destination des TPE\/PME pour soutenir des projets de transition agro\u00e9cologique et contribuer \u00e0 la neutralit\u00e9 carbone mondiale \u00e0 partir d\u2019un budget de <strong>10\u00a0t<\/strong>\u00a0CO2eq.<\/p>\n<p class=\"p1\">Nous nous d\u00e9veloppons \u00e9galement \u00e0 l\u2019international. Aujourd\u2019hui, nous proposons des projets en France bien s\u00fbr, mais aussi en Belgique et en Allemagne. Nous avons aussi l\u2019intention d\u2019acc\u00e9l\u00e9rer cette expansion, mais toujours avec une approche \u00ab\u2009multi-locale\u2009\u00bb. C\u2019est-\u00e0-dire \u00e0 moins de<strong> 100\u00a0km<\/strong> des sites des entreprises partenaires.<\/p>\n<p style=\"text-align: right;\"><em>Nos remerciements \u00e0 Mathieu Toulemonde, fondateur &amp; CEO<span class=\"TextRun SCXW79974533 BCX0\" lang=\"FR-FR\" xml:lang=\"FR-FR\" data-contrast=\"none\">\u00a0<span class=\"NormalTextRun SCXW79974533 BCX0\">de TerraTerre by Agoterra<\/span><\/span>.<\/em><br \/>\n<em>Propos rapport\u00e9s par l\u2019\u00e9quipe de <a href=\"https:\/\/www.manager.one\/fr\/\">manager.one<\/a><\/em><\/p>\n","protected":false},"excerpt":{"rendered":"<p>Fond\u00e9e en 2021, TerraTerre by Agoterra est une entreprise \u00e0 mission avec des objectifs sociaux et environnementaux ambitieux.\u00a0Elle accompagne les&#8230;<\/p>\n","protected":false},"author":19,"featured_media":5331,"comment_status":"open","ping_status":"open","sticky":false,"template":"","format":"standard","meta":{"footnotes":""},"categories":[15],"tags":[],"acf":[],"_links":{"self":[{"href":"https:\/\/www.manager.one\/fr\/journal\/wp-json\/wp\/v2\/posts\/5314"}],"collection":[{"href":"https:\/\/www.manager.one\/fr\/journal\/wp-json\/wp\/v2\/posts"}],"about":[{"href":"https:\/\/www.manager.one\/fr\/journal\/wp-json\/wp\/v2\/types\/post"}],"author":[{"embeddable":true,"href":"https:\/\/www.manager.one\/fr\/journal\/wp-json\/wp\/v2\/users\/19"}],"replies":[{"embeddable":true,"href":"https:\/\/www.manager.one\/fr\/journal\/wp-json\/wp\/v2\/comments?post=5314"}],"version-history":[{"count":13,"href":"https:\/\/www.manager.one\/fr\/journal\/wp-json\/wp\/v2\/posts\/5314\/revisions"}],"predecessor-version":[{"id":5346,"href":"https:\/\/www.manager.one\/fr\/journal\/wp-json\/wp\/v2\/posts\/5314\/revisions\/5346"}],"wp:featuredmedia":[{"embeddable":true,"href":"https:\/\/www.manager.one\/fr\/journal\/wp-json\/wp\/v2\/media\/5331"}],"wp:attachment":[{"href":"https:\/\/www.manager.one\/fr\/journal\/wp-json\/wp\/v2\/media?parent=5314"}],"wp:term":[{"taxonomy":"category","embeddable":true,"href":"https:\/\/www.manager.one\/fr\/journal\/wp-json\/wp\/v2\/categories?post=5314"},{"taxonomy":"post_tag","embeddable":true,"href":"https:\/\/www.manager.one\/fr\/journal\/wp-json\/wp\/v2\/tags?post=5314"}],"curies":[{"name":"wp","href":"https:\/\/api.w.org\/{rel}","templated":true}]}}