{"id":5143,"date":"2023-02-21T13:45:47","date_gmt":"2023-02-21T12:45:47","guid":{"rendered":"https:\/\/www.manager.one\/fr\/journal\/?p=5143"},"modified":"2023-02-17T16:34:05","modified_gmt":"2023-02-17T15:34:05","slug":"ilan-palacci-ever-dye","status":"publish","type":"post","link":"https:\/\/www.manager.one\/fr\/journal\/ilan-palacci-ever-dye\/","title":{"rendered":"Ever Dye, la teinture ecoresponsable qui transforme l&rsquo;industrie du textile : Rencontre avec son CEO et cofondateur, Ilan Palacci"},"content":{"rendered":"<p><span class=\"NormalTextRun SCXW199604763 BCX0\">Fond\u00e9<\/span><span class=\"NormalTextRun SCXW199604763 BCX0\">e<\/span><span class=\"NormalTextRun SCXW199604763 BCX0\"> en 20<\/span><span class=\"NormalTextRun SCXW199604763 BCX0\">21<\/span><span class=\"NormalTextRun SCXW199604763 BCX0\">, <\/span><a href=\"http:\/\/everdye.fr\"><span class=\"NormalTextRun SpellingErrorV2Themed SCXW199604763 BCX0\">Ever<\/span> <span class=\"NormalTextRun SpellingErrorV2Themed SCXW199604763 BCX0\">Dye<\/span><\/a><span class=\"NormalTextRun SCXW199604763 BCX0\"> est un<\/span><span class=\"NormalTextRun SCXW199604763 BCX0\">e<\/span> <span class=\"NormalTextRun SCXW199604763 BCX0\">entreprise <\/span><span class=\"NormalTextRun SCXW199604763 BCX0\">qui cr\u00e9e des co<\/span><span class=\"NormalTextRun SCXW199604763 BCX0\">lorants pour textile <\/span><span class=\"NormalTextRun SCXW199604763 BCX0\">\u00e0 partir d\u2019\u00e9l\u00e9ments organiques<\/span> <span class=\"NormalTextRun SCXW199604763 BCX0\">issus de sources durables.<\/span><span class=\"NormalTextRun SCXW199604763 BCX0\"> Gr\u00e2ce \u00e0 sa solution, la <\/span><span class=\"NormalTextRun SpellingErrorV2Themed SCXW199604763 BCX0\">GreenTech<\/span><span class=\"NormalTextRun SCXW199604763 BCX0\"> d\u00e9pollue l&rsquo;industrie textile en proposant un processus de teinture plus \u00e9cologique, plus rapide et plus \u00e9conome en \u00e9nergie.<\/span><\/p>\n<p>Pour le Journal du Manager, <a href=\"https:\/\/www.linkedin.com\/in\/ilan-palacci-463523bb\/\">Ilan Palacci<\/a> nous raconte le parcours d&rsquo;Ever Dye, la startup qui r\u00e9duit l&rsquo;impact des couleurs.<\/p>\n<h2>Comment\u00a0Ever Dye\u00a0est-il n\u00e9\u2009? Quel a \u00e9t\u00e9 le d\u00e9clic\u2009?<\/h2>\n<p>Mon associ\u00e9e, <a href=\"https:\/\/www.linkedin.com\/in\/amira-errokh\/\">Amira Erokh<\/a>, et moi nous sommes rencontr\u00e9s \u00e0 <strong>Entrepreneur First<\/strong>. C&rsquo;est un programme d\u2019entrepreneuriat mettant en relation des chercheurs avec de fortes comp\u00e9tences scientifiques et des profils ing\u00e9nieurs\/business. Amira avait une grande connaissance\u00a0scientifique\u00a0des textiles et des couleurs, tandis que de mon c\u00f4t\u00e9 je suis issu d\u2019une famille de l\u2019industrie textile turque.<\/p>\n<p>C&rsquo;est ainsi que nous avons commenc\u00e9 \u00e0 creuser\u00a0cette\u00a0industrie pendant le programme pour comprendre les enjeux en d\u00e9tail. Le d\u00e9clic est certainement arriv\u00e9 lorsqu\u2019une marque a \u00e9t\u00e9 tr\u00e8s insistante pour travailler rapidement avec nous, alors que nous n\u2019avions pas encore grand-chose. On avait \u00e0 ce moment bien cern\u00e9 le probl\u00e8me.<\/p>\n<h2>Pouvez-vous pr\u00e9senter votre activit\u00e9 en quelques mots\u2009? Quelle est votre client\u00e8le\u2009?<\/h2>\n<p>Ever Dye d\u00e9veloppe un nouveau proc\u00e9d\u00e9 de\u00a0teinture\u00a0textile\u00a0combin\u00e9 \u00e0 un pigment <strong>biosourc\u00e9<\/strong>\u00a0pour d\u00e9polluer l\u2019industrie. Concr\u00e8tement, nous d\u00e9veloppons deux solutions de chimie verte. Nos solutions permettant aux industriels de teindre plus rapidement avec moins d\u2019\u00e9nergie tout en\u00a0s\u2019ins\u00e9rant parfaitement dans leurs infrastructures :<\/p>\n<ul>\n<li>La premi\u00e8re solution est un<strong> blanchiment<\/strong>\u00a0ou encore <strong>pr\u00e9traitement<\/strong> qui\u00a0blanchit et charge n\u00e9gativement la surface\u00a0des tissus.<\/li>\n<li>La seconde est un <strong>colorant<\/strong> charg\u00e9 positivement qui va s\u2019accrocher \u00e0 la fibre comme un aimant.<\/li>\n<\/ul>\n<p>Quant \u00e0 nos clients, nous travaillons principalement avec les marques et\u00a0teintureries internationales cherchant \u00e0 am\u00e9liorer leurs proc\u00e9d\u00e9s de production textile.<\/p>\n<h2><span style=\"color: #333333;\"><span class=\"TextRun SCXW203413576 BCX0\" lang=\"FR-FR\" xml:lang=\"FR-FR\" data-contrast=\"auto\"><span class=\"NormalTextRun SCXW203413576 BCX0\" data-ccp-charstyle=\"normaltextrun\" data-ccp-charstyle-defn=\"{&quot;ObjectId&quot;:&quot;633cb2b1-15f9-40a7-a02f-62d7fcc3a2c7|5&quot;,&quot;ClassId&quot;:1073872969,&quot;Properties&quot;:[469775450,&quot;normaltextrun&quot;,201340122,&quot;1&quot;,134233614,&quot;true&quot;,469778129,&quot;normaltextrun&quot;,335572020,&quot;1&quot;,469778324,&quot;Default Paragraph Font&quot;]}\">Comment l\u2019activit\u00e9 d&rsquo;Ever Dye<\/span><\/span><span class=\"TextRun Highlight SCXW203413576 BCX0\" lang=\"FR-FR\" xml:lang=\"FR-FR\" data-contrast=\"none\"><span class=\"NormalTextRun SCXW203413576 BCX0\" data-ccp-charstyle=\"normaltextrun\">\u00a0<\/span><\/span><span class=\"TextRun SCXW203413576 BCX0\" lang=\"FR-FR\" xml:lang=\"FR-FR\" data-contrast=\"auto\"><span class=\"NormalTextRun SCXW203413576 BCX0\" data-ccp-charstyle=\"normaltextrun\">a-t-elle \u00e9volu\u00e9 depuis sa cr\u00e9ation\u202f?<\/span><\/span><span class=\"EOP SCXW203413576 BCX0\" data-ccp-props=\"{&quot;134233117&quot;:false,&quot;134233118&quot;:false,&quot;335551550&quot;:6,&quot;335551620&quot;:6,&quot;335559738&quot;:0,&quot;335559739&quot;:0}\">\u00a0<\/span><\/span><\/h2>\n<p class=\"p1\">Nous nous sommes d\u00e9velopp\u00e9s assez rapidement depuis le d\u00e9but de l\u2019activit\u00e9, bien aid\u00e9 \u00e9galement par l\u2019investissement initial d\u2019Entrepreneur First. En un an et demi, nous avons pu d\u00e9velopper avec succ\u00e8s les premi\u00e8res versions de notre pr\u00e9traitement et de notre colorant. Nous avons \u00e9galement d\u00e9poser nos premiers brevets et d\u00e9m\u00e9nager dans un laboratoire de <strong>150\u00a0m2<\/strong> en propre qui nous permet d\u2019acc\u00e9l\u00e9rer nos cycles d\u2019it\u00e9ration en R&amp;D.<\/p>\n<p class=\"p1\">Ces avanc\u00e9es nous ont permi de convaincre de grands industriels fran\u00e7ais et internationaux comme Petit Bateau de travailler avec nous. D&rsquo;ailleurs, nous avons r\u00e9cemment effectuer un premier tour de financements aupr\u00e8s de VCs et de business angels de l\u2019industrie.<\/p>\n<h2>Pourquoi qualifie-t-on Ever Dye\u00a0de \u00ab\u2009CleanTech\u2009\u00bb\u2009? Comment ce march\u00e9\u2009a-t-il\u2009\u00e9volu\u00e9 ces derni\u00e8res ann\u00e9es\u2009?<\/h2>\n<p class=\"p1\">L\u2019industrie textile est l\u2019une des plus polluantes au monde. D&rsquo;autan que plus de la moiti\u00e9 des \u00e9missions GES proviennent de la teinture textile. Nous avons pour mission de la r\u00e9duire significativement. Nous nous inscrivons donc dans cette mouvance des GreenTech\/CleanTech qui d\u00e9veloppent des solutions scientifiquement avanc\u00e9es pour r\u00e9pondre aux enjeux mondiaux de r\u00e9chauffement climatique et de\u00a0pr\u00e9servation de la biodiversit\u00e9.<\/p>\n<p class=\"p1\">Ces derni\u00e8res ann\u00e9es, de nombreuses CleanTech ont \u00e9merg\u00e9 et poss\u00e8dent des innovations qui commencent \u00e0 arriver \u00e0 maturit\u00e9 avec des d\u00e9ploiements qui\u00a0deviennent de plus en plus nombreux. Nous n\u2019en sommes n\u00e9anmoins encore qu\u2019aux pr\u00e9mices.<\/p>\n<h2>Comment l\u2019industrie de textile accueille-t-elle votre solution\u2009?<\/h2>\n<p>Elle l\u2019accueille avec enthousiasme. Nous avons beaucoup de demandes entrantes venant d\u2019<strong>Europe<\/strong>, de <strong>Turquie<\/strong> et d\u2019<strong>Asie du Sud-Est<\/strong> pour notre technologie.\u00a0C\u2019est d\u00e9sormais \u00e0 nous de nous industrialiser pour permettre au plus grand nombre de marques de la proposer \u00e0 leurs\u00a0consommateurs.<\/p>\n<h2>Vous avez lev\u00e9 3,4\u00a0millions d\u2019euros\u2009ce mois-ci. \u00c0 quoi ce montant\u2009va-t-il\u2009servir\u2009?<\/h2>\n<p>Ce montant va nous permettre de passer du laboratoire \u00e0 la production industrielle puis \u00e0 la commercialisation de nos\u00a0colorants.<\/p>\n<h2>Avez-vous des concurrents\u2009? Comment vous d\u00e9marquez-vous\u2009?<\/h2>\n<p class=\"p1\">\u00c9videmment\u2009! Nous sommes les seuls \u00e0 d\u00e9velopper cette technologie pr\u00e9cise, mais cette industrie est centenaire et donc de nombreux acteurs sont pr\u00e9sents. La vaste concurrence passe des acteurs historiques de la\u00a0p\u00e9trochimie aux startups d\u00e9veloppant des colorants \u00e0 partir de plantes ou encore de bact\u00e9ries. \u00c0 ce jour, nous sommes la\u00a0seule solution permettant aux industriels de teindre plus vite, avec moins d\u2019\u00e9nergie sans demander d\u2019investissements machine tout en conservant de hauts standards de qualit\u00e9.<\/p>\n<h2>Avez-vous pr\u00e9vu d\u2019\u00e9tendre votre activit\u00e9 \u00e0 l\u2019international dans les ann\u00e9es \u00e0 venir\u2009?<\/h2>\n<p class=\"p1\">Notre industrie est par nature tr\u00e8s internationale avec de grands hubs de production en <strong>Asie<\/strong>, au <strong>Moyen-Orient<\/strong> ou encore en <strong>Europe<\/strong>. Notre d\u00e9veloppement passera donc n\u00e9cessairement par l\u2019international.<\/p>\n<h2><span class=\"TextRun SCXW232239671 BCX0\" lang=\"FR-FR\" style=\"color: #333333;\" xml:lang=\"FR-FR\" data-contrast=\"auto\"><span class=\"NormalTextRun SCXW232239671 BCX0\" data-ccp-charstyle=\"normaltextrun\" data-ccp-charstyle-defn=\"{&quot;ObjectId&quot;:&quot;633cb2b1-15f9-40a7-a02f-62d7fcc3a2c7|5&quot;,&quot;ClassId&quot;:1073872969,&quot;Properties&quot;:[469775450,&quot;normaltextrun&quot;,201340122,&quot;1&quot;,134233614,&quot;true&quot;,469778129,&quot;normaltextrun&quot;,335572020,&quot;1&quot;,469778324,&quot;Default Paragraph Font&quot;]}\">Quel\u202fbilan\u202ftirez-vous\u202fau bout d\u2019un an d\u2019activit\u00e9\u202f?<\/span><\/span><\/h2>\n<p class=\"p1\">Nous sommes contents de l\u2019ann\u00e9e pass\u00e9e. Nos travaux de R&amp;D apportent de bons r\u00e9sultats qui s\u2019am\u00e9liorent de jour en jour. Nous avons \u00e9galement eu un bon accueil de la part des industriels et des marques qui sont pr\u00eates \u00e0 tester la solution pour verdir leurs proc\u00e9d\u00e9s de production.<\/p>\n<h2>Quelles sont vos ambitions pour Ever Dye\u2009? Sur quoi misez-vous pour votre d\u00e9veloppement\u2009?<\/h2>\n<p class=\"p1\">Nous avons pour ambition de cr\u00e9er le nouveau standard mondial de coloration durable pour avoir des v\u00eatements de qualit\u00e9 et durables. Pour nourrir cette ambition, nous avons mont\u00e9 une \u00e9quipe tr\u00e8s internationale. Nous sommes\u00a0aujourd\u2019hui <b>11\u00a0collaborateurs<\/b> provenant de<b> 7\u00a0pays<\/b> et nous\u00a0continuons de grandir.<\/p>\n<p style=\"text-align: right;\"><em>Nos remerciements \u00e0 Ilan Palacci, cofondateur &amp; CEO d&rsquo;Ever Day.<\/em><br \/>\n<em>Propos rapport\u00e9s par l\u2019\u00e9quipe de <a href=\"https:\/\/www.manager.one\/fr\/\">manager.one<\/a><\/em><\/p>\n","protected":false},"excerpt":{"rendered":"<p>Fond\u00e9e en 2021, Ever Dye est une entreprise qui cr\u00e9e des colorants pour textile \u00e0 partir d\u2019\u00e9l\u00e9ments organiques issus de sources durables. Gr\u00e2ce \u00e0 sa&#8230;<\/p>\n","protected":false},"author":19,"featured_media":5152,"comment_status":"open","ping_status":"open","sticky":false,"template":"","format":"standard","meta":{"footnotes":""},"categories":[15],"tags":[],"acf":[],"_links":{"self":[{"href":"https:\/\/www.manager.one\/fr\/journal\/wp-json\/wp\/v2\/posts\/5143"}],"collection":[{"href":"https:\/\/www.manager.one\/fr\/journal\/wp-json\/wp\/v2\/posts"}],"about":[{"href":"https:\/\/www.manager.one\/fr\/journal\/wp-json\/wp\/v2\/types\/post"}],"author":[{"embeddable":true,"href":"https:\/\/www.manager.one\/fr\/journal\/wp-json\/wp\/v2\/users\/19"}],"replies":[{"embeddable":true,"href":"https:\/\/www.manager.one\/fr\/journal\/wp-json\/wp\/v2\/comments?post=5143"}],"version-history":[{"count":7,"href":"https:\/\/www.manager.one\/fr\/journal\/wp-json\/wp\/v2\/posts\/5143\/revisions"}],"predecessor-version":[{"id":5153,"href":"https:\/\/www.manager.one\/fr\/journal\/wp-json\/wp\/v2\/posts\/5143\/revisions\/5153"}],"wp:featuredmedia":[{"embeddable":true,"href":"https:\/\/www.manager.one\/fr\/journal\/wp-json\/wp\/v2\/media\/5152"}],"wp:attachment":[{"href":"https:\/\/www.manager.one\/fr\/journal\/wp-json\/wp\/v2\/media?parent=5143"}],"wp:term":[{"taxonomy":"category","embeddable":true,"href":"https:\/\/www.manager.one\/fr\/journal\/wp-json\/wp\/v2\/categories?post=5143"},{"taxonomy":"post_tag","embeddable":true,"href":"https:\/\/www.manager.one\/fr\/journal\/wp-json\/wp\/v2\/tags?post=5143"}],"curies":[{"name":"wp","href":"https:\/\/api.w.org\/{rel}","templated":true}]}}