{"id":4979,"date":"2023-01-05T13:45:31","date_gmt":"2023-01-05T12:45:31","guid":{"rendered":"https:\/\/www.manager.one\/fr\/journal\/?p=4979"},"modified":"2023-01-27T10:12:03","modified_gmt":"2023-01-27T09:12:03","slug":"floriane-addad-mytroc","status":"publish","type":"post","link":"https:\/\/www.manager.one\/fr\/journal\/floriane-addad-mytroc\/","title":{"rendered":"MyTroc, le sp\u00e9cialiste des plateformes de r\u00e9emploi : Rencontre avec sa Fondatrice et CEO, Floriane Addad"},"content":{"rendered":"<p><span class=\"TextRun SCXW210179325 BCX0\" lang=\"FR-FR\" xml:lang=\"FR-FR\" data-contrast=\"none\"><span class=\"NormalTextRun SCXW210179325 BCX0\">Fond\u00e9e en 20<\/span><span class=\"NormalTextRun SCXW210179325 BCX0\">15<\/span><span class=\"NormalTextRun SCXW210179325 BCX0\">,<\/span><span class=\"NormalTextRun SCXW210179325 BCX0\">\u00a0<a href=\"https:\/\/mytroc.pro\/\">MyTroc Pro<\/a> est une marketplace d&rsquo;\u00e9conomie circulaire et de r\u00e9emploi professionnel qui booste <\/span><span class=\"NormalTextRun SCXW210179325 BCX0\">la<\/span><span class=\"NormalTextRun SCXW210179325 BCX0\"> RSE <\/span><span class=\"NormalTextRun SCXW210179325 BCX0\">des entreprises.<\/span> <\/span><span class=\"TextRun SCXW210179325 BCX0\" lang=\"FR-FR\" xml:lang=\"FR-FR\" data-contrast=\"auto\"><span class=\"NormalTextRun SpellingErrorV2Themed SCXW210179325 BCX0\">MyTroc<\/span><span class=\"NormalTextRun SCXW210179325 BCX0\"> Pro d\u00e9veloppe des plateformes de troc, pr\u00eat et don qui limitent le gaspillage de mat\u00e9riel et r\u00e9duisent vos budgets achats ainsi que votre impact carbone.<\/span><\/span><span class=\"EOP SCXW210179325 BCX0\" data-ccp-props=\"{&quot;201341983&quot;:0,&quot;335551550&quot;:6,&quot;335551620&quot;:6,&quot;335559739&quot;:160,&quot;335559740&quot;:259}\">\u00a0<\/span><\/p>\n<p>Pour le Journal du Manager, <a href=\"https:\/\/www.linkedin.com\/in\/floriane-addad\/\">Floriane Addad<\/a> nous parle de MyTroc, son histoire, son concept et son ambition.<\/p>\n<h2><strong>Quelle est\u00a0l\u2019histoire de\u202fMyTroc\u00a0? Quel a \u00e9t\u00e9 le d\u00e9clic ?\u00a0<\/strong><\/h2>\n<p>L\u2019histoire a commenc\u00e9 en 2015. \u00c0 l&rsquo;\u00e9poque, j\u2019\u00e9tais chanteuse musicienne, et avec mes amis artistes nous n\u2019avions jamais beaucoup de moyens. Nous faisions donc beaucoup d\u2019\u00e9changes entre nous. Il est vrai que parfois, on pratique le troc sans m\u00eame s\u2019en rendre compte. C\u2019est quelque chose de naturel chez l\u2019\u00eatre humain.<\/p>\n<p>\u00c9tant tr\u00e8s sensible aux sujets environnementaux, monter un site de troc \u00e0 grande \u00e9chelle m\u2019est apparu \u00e9vident. En effet, c\u2019est un concept \u00e9conomique, \u00e9cologique qui favorise le lien social. J\u2019ai donc mis une annonce sur internet pour trouver un d\u00e9veloppeur avec qui m\u2019associer. C&rsquo;est ainsi que j\u2019ai eu la chance de rencontrer <a href=\"https:\/\/www.linkedin.com\/in\/judicael-decriem-a28a5920\/\">Judica\u00ebl Decriem<\/a>, notre <strong>CTO<\/strong>. Quelques mois apr\u00e8s, en novembre 2015, <a href=\"https:\/\/mytroc.fr\/\">mytroc.fr<\/a> \u00e9tait en ligne.<\/p>\n<p>Mytroc.fr est une plateforme grand public de troc de biens et de services fonctionnant avec une monnaie virtuelle : <strong>la noisette<\/strong>. \u00c0 ce jour, nous comptons environ\u00a0<strong>350 000<\/strong> personnes inscrites.<\/p>\n<h2><strong>Pouvez-vous pr\u00e9senter l\u2019activit\u00e9 et le business model de\u202fMyTroc\u00a0?\u00a0<\/strong><\/h2>\n<p class=\"p1\">MyTroc d\u00e9veloppe des plateformes qui aident les entreprises et les acteurs publics \u00e0 r\u00e9duire leur impact carbone. Cela est possible gr\u00e2ce \u00e0 des solutions num\u00e9riques de r\u00e9emploi et de mutualisation. Ces marketplaces d\u2019\u00e9conomie circulaire sur mesure s\u2019adaptent \u00e0 plusieurs besoins, cas d\u2019usage et secteurs d\u2019activit\u00e9 gr\u00e2ce \u00e0 toutes les fonctionnalit\u00e9s existantes. Une calculette carbone permet de mesurer les tonnes de d\u00e9chets et l\u2019\u00e9quivalent en CO2 \u00e9vit\u00e9, ainsi que les \u00e9conomies r\u00e9alis\u00e9es. Nos clients peuvent inscrire les donn\u00e9es et r\u00e9sultats dans leur rapport RSE.<\/p>\n<p class=\"p1\">Concr\u00e8tement, nos plateformes fonctionnent comme une sorte de \u00ab\u2009Leboncoin\u2009\u00bb, mais en interne. Autrement dit, lorsqu\u2019un salari\u00e9 a du mat\u00e9riel dont il ne se sert plus (lampe de table, ordinateur, chaise de bureaux, etc.), il le prend en photo et d\u00e9pose l\u2019annonce sur le site. Ensuite, si l\u2019un de ses collaborateurs ou un utilisateur d\u2019un autre site est int\u00e9ress\u00e9 par l\u2019objet, il le r\u00e9cup\u00e8re. La transaction peut \u00eatre soit du <strong>rachat<\/strong>, soit de la <strong>cession<\/strong>, soit un <strong>\u00e9change<\/strong>.<\/p>\n<p class=\"p1\">Le mod\u00e8le \u00e9conomique est la vente sous licence de ces plateformes brand\u00e9es.<\/p>\n<h2 class=\"p1\"><strong>Comment votre activit\u00e9 a-t-elle \u00e9volu\u00e9 pour donner naissance \u00e0 MyTroc Pro\u202f?\u00a0<\/strong><\/h2>\n<p>Tr\u00e8s vite, des collectivit\u00e9s et entreprises ont entendu parler de MyTroc.fr gr\u00e2ce aux m\u00e9dias et au bouche-\u00e0-oreille. Elles \u00e9taient tr\u00e8s int\u00e9ress\u00e9es par le concept, c&rsquo;est ainsi qu&rsquo;elles nous ont approch\u00e9s. Ces collectivit\u00e9s et entreprises souhaitaient qu&rsquo;on leur d\u00e9veloppe des plateformes similaires pour leur organisation, mais adapt\u00e9es au cadre professionnel.<\/p>\n<p>En 2018, nous avons donc lanc\u00e9 la solution MyTroc Pro avec <a href=\"https:\/\/www.linkedin.com\/in\/tiphaine-bezard-a1534158\/\">Tiphaine Bezard<\/a>, la CSO, qui s\u2019est associ\u00e9e au projet.<\/p>\n<h2><strong>Pouvez-vous nous parler de ReShop ?\u00a0<\/strong><\/h2>\n<p>Aujourd\u2019hui, <strong>57 %<\/strong> du mat\u00e9riel propos\u00e9 sur les plateformes MyTroc Pro est r\u00e9employ\u00e9 en interne. Nous souhaitons aller plus loin en proposant tout le mat\u00e9riel qui ne trouve pas une seconde vie en interne sur ReShop.<\/p>\n<p>ReShop est une plateforme qui interconnectera nos plateformes clientes. Des TPE, PME et associations locales pourront aussi r\u00e9cup\u00e9rer le mat\u00e9riel de nos grands groupes et administrations.<\/p>\n<h2><strong>L\u2019activit\u00e9 de\u202fMyTroc\u00a0a-t-elle connu des changements significatifs ces derni\u00e8res ann\u00e9es\u202f? Les comportements et les besoins ont-ils \u00e9volu\u00e9\u202f?\u00a0<\/strong><\/h2>\n<p class=\"p1\">Depuis janvier 2022, MyTroc Pro a une belle croissance. Je pense que cela est d\u00fb au travail de sensibilisation que nous menons aupr\u00e8s des grands groupes et administrations depuis 2018. Mais \u00e9galement aux mesures \u00e9cologiques qui se durcissent, et la RSE qui devient un v\u00e9ritable enjeu.<\/p>\n<p class=\"p1\">Aujourd\u2019hui, MyTroc Pro c\u2019est <b>20\u00a0plateformes<\/b> mises en ligne, chaque plateforme appartenant \u00e0 une entreprise ou \u00e0 une administration. Il faut savoir que plus la plateforme est port\u00e9e en interne, plus il y a d\u2019\u00e9changes. C\u2019est le cas des plateformes comme la <b>SNCF<\/b>,\u00a0<b>Enedis<\/b>, <strong>Arts et M\u00e9tiers<\/strong>, etc. Prenons l\u2019exemple de la SNCF qui compte plus de <b>44\u2009000\u00a0<\/b>salari\u00e9s inscrits, c\u2019est-\u00e0-dire environ <b>20\u00a0%<\/b> de la masse salariale. En moyenne, pour un grand groupe comme celui-ci, on enregistre\u00a0<b>550\u00a0tonnes de CO2\u00a0<\/b>\u00e9vit\u00e9s,\u00a0<b>1\u00a0million d\u2019euros<\/b> \u00e9conomis\u00e9s et plusieurs milliers d\u2019objets \u00e9chang\u00e9s.<\/p>\n<h2><strong>Vous avez lev\u00e9 1\u00a0million d\u2019euros\u202fen d\u00e9cembre. \u00c0 quoi ce montant\u202fva-t-il\u202fservir\u202f?<\/strong><\/h2>\n<p>Cette lev\u00e9e de fonds servira \u00e0 notre d\u00e9veloppement sur trois axes particuliers. En premier lieu, nous allons recruter afin d&rsquo;assurer notre croissance. Ensuite, nous comptons accroitre la performance de nos plateformes. Pour finir, il y a\u00a0le lancement de ReShop en 2023.<\/p>\n<h2><strong>Aviez-vous toujours r\u00eav\u00e9 de devenir entrepreneur\u202f? Quelles difficult\u00e9s avez-vous connues lors de votre parcours entrepreneurial\u202f?\u00a0<\/strong><\/h2>\n<p>En effet, j\u2019ai toujours \u00e9t\u00e9 dans la cr\u00e9ation de projets, artistiques auparavant, engag\u00e9s aujourd\u2019hui.<\/p>\n<p>Sur mon parcours entrepreneurial avec MyTroc, la grande difficult\u00e9 est d\u2019avoir d\u00e9marr\u00e9 sans r\u00e9seau, sans argent, sans exp\u00e9rience, juste avec l\u2019ambition de cr\u00e9er un projet d\u2019envergure \u00e0 impact positif \u00e9cologique et social. Cela a \u00e9t\u00e9 tr\u00e8s long, sans parler de difficult\u00e9 \u00e0 convaincre nos premiers clients et investisseurs.<\/p>\n<h2><strong>Quelles le\u00e7ons retenez-vous de cette aventure\u202fentrepreneuriale\u202f?\u202fAuriez-vous des conseils \u00e0 donner aux jeunes entrepreneurs\u202f?\u00a0<\/strong><\/h2>\n<p class=\"p1\">La le\u00e7on que j\u2019en tire et les conseils que je donne aux jeunes qui souhaitent entreprendre, c\u2019est d\u2019\u00eatre r\u00e9silient et tenace. Ceux qui y arrivent sont ceux qui n\u2019abandonnent jamais et qui savent ajuster leur projet lorsque cela est n\u00e9cessaire.<\/p>\n<p style=\"text-align: right;\"><em>Nos remerciements \u00e0 Floriane Addad, Fondatrice &amp; CEO de MyTroc.<\/em><br \/>\n<em>Propos rapport\u00e9s par l\u2019\u00e9quipe de <a href=\"https:\/\/www.manager.one\/fr\/\">manager.one<\/a><\/em><\/p>\n","protected":false},"excerpt":{"rendered":"<p>Fond\u00e9e en 2015,\u00a0MyTroc Pro est une marketplace d&rsquo;\u00e9conomie circulaire et de r\u00e9emploi professionnel qui booste la RSE des entreprises. MyTroc Pro d\u00e9veloppe&#8230;<\/p>\n","protected":false},"author":19,"featured_media":4990,"comment_status":"open","ping_status":"open","sticky":false,"template":"","format":"standard","meta":{"footnotes":""},"categories":[15],"tags":[],"acf":[],"_links":{"self":[{"href":"https:\/\/www.manager.one\/fr\/journal\/wp-json\/wp\/v2\/posts\/4979"}],"collection":[{"href":"https:\/\/www.manager.one\/fr\/journal\/wp-json\/wp\/v2\/posts"}],"about":[{"href":"https:\/\/www.manager.one\/fr\/journal\/wp-json\/wp\/v2\/types\/post"}],"author":[{"embeddable":true,"href":"https:\/\/www.manager.one\/fr\/journal\/wp-json\/wp\/v2\/users\/19"}],"replies":[{"embeddable":true,"href":"https:\/\/www.manager.one\/fr\/journal\/wp-json\/wp\/v2\/comments?post=4979"}],"version-history":[{"count":8,"href":"https:\/\/www.manager.one\/fr\/journal\/wp-json\/wp\/v2\/posts\/4979\/revisions"}],"predecessor-version":[{"id":5086,"href":"https:\/\/www.manager.one\/fr\/journal\/wp-json\/wp\/v2\/posts\/4979\/revisions\/5086"}],"wp:featuredmedia":[{"embeddable":true,"href":"https:\/\/www.manager.one\/fr\/journal\/wp-json\/wp\/v2\/media\/4990"}],"wp:attachment":[{"href":"https:\/\/www.manager.one\/fr\/journal\/wp-json\/wp\/v2\/media?parent=4979"}],"wp:term":[{"taxonomy":"category","embeddable":true,"href":"https:\/\/www.manager.one\/fr\/journal\/wp-json\/wp\/v2\/categories?post=4979"},{"taxonomy":"post_tag","embeddable":true,"href":"https:\/\/www.manager.one\/fr\/journal\/wp-json\/wp\/v2\/tags?post=4979"}],"curies":[{"name":"wp","href":"https:\/\/api.w.org\/{rel}","templated":true}]}}