{"id":3410,"date":"2021-08-05T09:30:28","date_gmt":"2021-08-05T07:30:28","guid":{"rendered":"https:\/\/www.manager.one\/fr\/journal\/?p=3410"},"modified":"2022-03-03T16:46:50","modified_gmt":"2022-03-03T15:46:50","slug":"julien-hamilius-urbyn","status":"publish","type":"post","link":"https:\/\/www.manager.one\/fr\/journal\/julien-hamilius-urbyn\/","title":{"rendered":"Urbyn, la plateforme qui aide les entreprises \u00e0 recycler leurs d\u00e9chets : Rencontre avec son pr\u00e9sident et co-fondateur, Julien Hamilius"},"content":{"rendered":"<p>Fond\u00e9e en 2017 par <a href=\"http:\/\/linkedin.com\/in\/arthurdaweritz\" target=\"_blank\" rel=\"noopener\">Arthur D\u00e4weritz<\/a> et <a href=\"http:\/\/linkedin.com\/in\/jhamilius\" target=\"_blank\" rel=\"noopener\">Julien Hamilius<\/a>, <a href=\"https:\/\/urbyn.co\/\" target=\"_blank\" rel=\"noopener\">Urbyn<\/a> est une plateforme qui met en relation des entreprises produisant des d\u00e9chets avec des prestataires de recyclage.<\/p>\n<p>Pour le Journal du Manager, Julien nous fait part des missions d&rsquo;Urbyn, de leurs actions et des enjeux du recyclage des d\u00e9chets d&rsquo;entreprise !<\/p>\n<h2><span data-contrast=\"none\">Quel fut votre parcours professionnel\u00a0? Comment\u00a0avez-vous eu l\u2019id\u00e9e de cr\u00e9er\u00a0Urbyn\u00a0?<\/span><span data-ccp-props=\"{&quot;201341983&quot;:0,&quot;335559739&quot;:160,&quot;335559740&quot;:259}\">\u00a0<\/span><\/h2>\n<p>Avec mon associe\u0301 Arthur nous avons commence\u0301 notre parcours professionnel dans des cabinets de conseil en management. Tre\u0300s vite nous avons eu envie de passer des slides a\u0300 l\u2019action et d\u2019avoir un impact re\u0301el sur la protection de l\u2019environnement.<\/p>\n<h2><span data-contrast=\"none\">Qu\u2019est-ce que\u00a0Urbyn\u00a0?\u00a0\u00c0\u202fqui s\u2019adressent\u202fvos solutions\u202fet quels probl\u00e8mes\u202fpermettent-elles de r\u00e9soudre\u202f?<\/span><span data-ccp-props=\"{&quot;201341983&quot;:0,&quot;335551550&quot;:6,&quot;335551620&quot;:6,&quot;335559739&quot;:160,&quot;335559740&quot;:259}\">\u00a0<\/span><\/h2>\n<p>Urbyn est une plateforme en ligne qui permet aux professionnels de trouver les solutions de valorisation les plus adapte\u0301es a\u0300 leurs de\u0301chets d\u2019entreprise. Nous mettons ensuite en place les collectes ope\u0301rationnellement. En ame\u0301liorant le processus de gestion de leurs de\u0301chets, nous leur permettons ainsi d\u2019en <strong>limiter l\u2019impact environnemental et de re\u0301duire les cou\u0302ts associe\u0301s<\/strong>.<\/p>\n<div class=\"page\" title=\"Page 1\">\n<div class=\"section\">\n<div class=\"layoutArea\">\n<div class=\"column\">\n<p>Nos solutions s\u2019adressent a\u0300 des PME comme a\u0300 de grands groupes souhaitant centraliser la gestion de leurs de\u0301chets.<\/p>\n<\/div>\n<\/div>\n<\/div>\n<\/div>\n<h2><span data-contrast=\"none\">Comment fonctionne le processus de collecte des d\u00e9chets dans les entreprises ?<\/span><span data-ccp-props=\"{&quot;201341983&quot;:0,&quot;335551550&quot;:6,&quot;335551620&quot;:6,&quot;335559739&quot;:160,&quot;335559740&quot;:259}\">\u00a0<\/span><\/h2>\n<p>Premie\u0300rement, nos experts de la gestion des de\u0301chets qualifient le besoin des clients et leur proposent les <strong>solutions les plus locales<\/strong>, <strong>e\u0301cologiques et e\u0301conomiques<\/strong>. Ensuite, nous assistons le client dans le choix des e\u0301quipements et la mise en place des plannings de collecte.<\/p>\n<div class=\"page\" title=\"Page 1\">\n<div class=\"section\">\n<div class=\"layoutArea\">\n<div class=\"column\">\n<p>Nos prestataires peuvent ensuite collecter les de\u0301chets du client aux dates, horaires et fre\u0301quence de\u0301finis en amont. Nos e\u0301quipes restent quant a\u0300 elles disponibles en cas de question ou nouveau besoin du client pour l\u2019accompagner au mieux.<\/p>\n<\/div>\n<\/div>\n<\/div>\n<\/div>\n<h2><span data-contrast=\"none\">Avez-vous des chiffres \u00e0 nous partager sur la gestion et l\u2019organisation des d\u00e9chets des entreprises en France ?<\/span><span data-ccp-props=\"{&quot;201341983&quot;:0,&quot;335551550&quot;:6,&quot;335551620&quot;:6,&quot;335559739&quot;:160,&quot;335559740&quot;:259}\">\u00a0<\/span><\/h2>\n<p>&#8211; \u00a0Les derniers chiffres de l\u2019Ademe montrent que les entreprises, hors BTP, produisent l\u2019e\u0301quivalent de <strong>900 kg de de\u0301chets par habitant<\/strong>, soit 15% de moins que 10 ans auparavant.<\/p>\n<p>&#8211; \u00a0Parmi ces de\u0301chets, la plus grosse part se trouve e\u0302tre des de\u0301chets recyclables (34%). Viennent ensuite les de\u0301chets mine\u0301raux (24%) et les de\u0301chets en me\u0301lange (20%).<\/p>\n<h2><span data-contrast=\"none\">Constatez-vous\u00a0une prise de conscience de la part des entreprises quant \u00e0 l\u2019importance d\u2019avoir une bonne gestion de ses d\u00e9chets ?<\/span><span data-ccp-props=\"{&quot;201341983&quot;:0,&quot;335551550&quot;:6,&quot;335551620&quot;:6,&quot;335559739&quot;:160,&quot;335559740&quot;:259}\">\u00a0<\/span><\/h2>\n<p>Bien su\u0302r ! Ces dernie\u0300res anne\u0301es, particuliers comme professionnels prennent conscience des enjeux environnementaux de leur gestion des de\u0301chets. Concernant les professionnels, il s\u2019agit e\u0301galement de re\u0301pondre aux exigences de la loi puisque l\u2019obligation du tri 5 flux oblige toutes les entreprises productrices ou de\u0301tentrices de de\u0301chets a\u0300 trier a\u0300 la source papier, carton, me\u0301tal, plastique, verre et bois. Les entreprises produisant 10 tonnes de biode\u0301chets par an ont quant a\u0300 elles l\u2019obligation d\u2019assurer leur traitement en compostage ou me\u0301thanisation.<\/p>\n<h2><span data-contrast=\"none\">Comment fonctionne votre business model ?<\/span><span data-ccp-props=\"{&quot;201341983&quot;:0,&quot;335559739&quot;:160,&quot;335559740&quot;:259}\">\u00a0<\/span><\/h2>\n<p>Nous avons deux mode\u0300les d&rsquo;affaires : soit nous agissons en tant que prestataire de gestion de de\u0301chets et nous facturons des prestations de collecte et traitement des de\u0301chets, soit nous agissons en tant que tiers de gestion et nous facturons un forfait par site ge\u0301r\u00e9.<\/p>\n<h2><span data-contrast=\"none\">Comment votre activit\u00e9 a-t-elle \u00e9volu\u00e9 face \u00e0 la crise sanitaire\u202f?<\/span><span data-ccp-props=\"{&quot;201341983&quot;:0,&quot;335559739&quot;:160,&quot;335559740&quot;:259}\">\u00a0<\/span><\/h2>\n<p>Nous n\u2019avons pas constate\u0301 de changement majeur. Certains de nos clients ont du\u0302 fermer leurs locaux, et globalement le te\u0301le\u0301travail a re\u0301duit la production de de\u0301chets dans les locaux professionnels.<\/p>\n<h2><span data-contrast=\"none\">Quelles sont vos ambitions pour\u00a0Urbyn\u00a0?<\/span><span data-ccp-props=\"{&quot;201341983&quot;:0,&quot;335559739&quot;:160,&quot;335559740&quot;:259}\">\u00a0<\/span><\/h2>\n<p>De permettre a\u0300 un maximum d\u2019entreprises de valoriser au mieux leurs de\u0301chets et de re\u0301duire leur impact sur l\u2019environnement. Nous nous sommes fixe\u0301 l\u2019objectif de sauver<strong> 200 000 tonnes de de\u0301chets de l\u2019enfouissement et de l\u2019incine\u0301ration d\u2019ici 2025<\/strong>.<\/p>\n<h2><span data-contrast=\"none\">Auriez-vous des conseils \u00e0 donner aux lecteurs du Journal du Manager souhaitant se lancer dans l\u2019entrepreneuriat ?<\/span><span data-ccp-props=\"{&quot;201341983&quot;:0,&quot;335559739&quot;:160,&quot;335559740&quot;:259}\">\u00a0<\/span><\/h2>\n<p>Ne pas trop re\u0301fle\u0301chir et se lancer. Le vrai risque est de ne pas le prendre.<\/p>\n<p style=\"text-align: right;\"><em>Nos remerciements \u00e0 Julien Hamilius, pr\u00e9sident et cofondateur de Urbyn.<\/em><br \/>\n<em>Propos rapport\u00e9s par l\u2019\u00e9quipe de <a href=\"https:\/\/www.manager.one\/fr\/\">manager.one<\/a>.<\/em><\/p>\n","protected":false},"excerpt":{"rendered":"<p>Fond\u00e9e en 2017 par Arthur D\u00e4weritz et Julien Hamilius, Urbyn est une plateforme qui met en relation des entreprises produisant des d\u00e9chets avec des prestataires de recyclage. Pour le Journal du Manager, Julien nous fait part des missions d&rsquo;Urbyn, de leurs actions et des enjeux du recyclage des d\u00e9chets d&rsquo;entreprise ! Quel fut votre parcours [&hellip;]<\/p>\n","protected":false},"author":14,"featured_media":3451,"comment_status":"open","ping_status":"open","sticky":false,"template":"","format":"standard","meta":{"footnotes":""},"categories":[15],"tags":[],"acf":[],"_links":{"self":[{"href":"https:\/\/www.manager.one\/fr\/journal\/wp-json\/wp\/v2\/posts\/3410"}],"collection":[{"href":"https:\/\/www.manager.one\/fr\/journal\/wp-json\/wp\/v2\/posts"}],"about":[{"href":"https:\/\/www.manager.one\/fr\/journal\/wp-json\/wp\/v2\/types\/post"}],"author":[{"embeddable":true,"href":"https:\/\/www.manager.one\/fr\/journal\/wp-json\/wp\/v2\/users\/14"}],"replies":[{"embeddable":true,"href":"https:\/\/www.manager.one\/fr\/journal\/wp-json\/wp\/v2\/comments?post=3410"}],"version-history":[{"count":17,"href":"https:\/\/www.manager.one\/fr\/journal\/wp-json\/wp\/v2\/posts\/3410\/revisions"}],"predecessor-version":[{"id":4082,"href":"https:\/\/www.manager.one\/fr\/journal\/wp-json\/wp\/v2\/posts\/3410\/revisions\/4082"}],"wp:featuredmedia":[{"embeddable":true,"href":"https:\/\/www.manager.one\/fr\/journal\/wp-json\/wp\/v2\/media\/3451"}],"wp:attachment":[{"href":"https:\/\/www.manager.one\/fr\/journal\/wp-json\/wp\/v2\/media?parent=3410"}],"wp:term":[{"taxonomy":"category","embeddable":true,"href":"https:\/\/www.manager.one\/fr\/journal\/wp-json\/wp\/v2\/categories?post=3410"},{"taxonomy":"post_tag","embeddable":true,"href":"https:\/\/www.manager.one\/fr\/journal\/wp-json\/wp\/v2\/tags?post=3410"}],"curies":[{"name":"wp","href":"https:\/\/api.w.org\/{rel}","templated":true}]}}