{"id":3363,"date":"2021-06-24T09:30:07","date_gmt":"2021-06-24T07:30:07","guid":{"rendered":"https:\/\/www.manager.one\/fr\/journal\/?p=3363"},"modified":"2022-08-25T14:19:51","modified_gmt":"2022-08-25T12:19:51","slug":"jonathan-noble-swello","status":"publish","type":"post","link":"https:\/\/www.manager.one\/fr\/journal\/jonathan-noble-swello\/","title":{"rendered":"Swello, la plateforme made in France qui simplifie le social media management : Rencontre avec son co-fondateur et CEO, Jonathan Noble"},"content":{"rendered":"<p>Co-fond\u00e9e en 2010 par <a href=\"http:\/\/linkedin.com\/in\/noblejonathan\" target=\"_blank\" rel=\"noopener\">Jonathan Noble<\/a>, <a href=\"https:\/\/swello.com\/fr\/\">Swello<\/a> est une plateforme fran\u00e7aise d\u00e9di\u00e9e \u00e0 la gestion des r\u00e9seaux sociaux. Intuitive et facile d&rsquo;utilisation, la plateforme est un outil complet qui permet, \u00e0 travers ses 3 principales fonctionnalit\u00e9s, de simplifier la\u00a0 communication digitale de nombreux utilisateurs.<\/p>\n<p>Pour le Journal du Manager, Jonathan nous fait part de la gen\u00e8se du projet, des solutions propos\u00e9es par Swello, mais \u00e9galement de sa vision des r\u00e9seaux sociaux en 2021.<\/p>\n<h2><span data-contrast=\"none\">Quelle est l\u2019histoire de\u00a0<\/span><span data-contrast=\"none\">Swello<\/span><span data-contrast=\"none\">\u00a0<\/span><span data-contrast=\"none\">? Pourquoi avoir d\u00e9cid\u00e9 de fonder cette entreprise en 2010 ?<\/span><span data-ccp-props=\"{&quot;201341983&quot;:0,&quot;335551550&quot;:1,&quot;335551620&quot;:1,&quot;335559739&quot;:160,&quot;335559740&quot;:259}\">\u00a0<\/span><\/h2>\n<p class=\"p1\">Alors que j\u2019avais 15\u00a0ans, je tenais un blog high-tech. J\u2019avais remarqu\u00e9 que lorsque je publiais un tweet \u00e0 une certaine heure de la journ\u00e9e, il avait bien plus d\u2019impact qu\u2019en soir\u00e9e. Je me suis renseign\u00e9 afin de savoir s\u2019il existait un outil qui permettait de programmer les tweets dans le temps. Je d\u00e9cide ainsi de poser la question dans un tweet, mais je ne re\u00e7ois qu\u2019une seule r\u00e9ponse, celle d\u2019un d\u00e9veloppeur. Il sugg\u00e8re de me d\u00e9velopper un programme afin de rendre ma demande r\u00e9alisable. Ne voulant pas s\u2019impliquer dans un projet il m\u2019a totalement c\u00e9d\u00e9 ce programme. Malheureusement, \u00e0 ce moment-l\u00e0, je n\u2019avais que 15\u00a0ans et je ne savais pas vraiment d\u00e9velopper, j\u2019avais par cons\u00e9quent besoin d\u2019un d\u00e9veloppeur. Lancelot Hardel, cofondateur de La Belle Vie et d\u2019Ulysse, me propose \u00e0 l\u2019\u00e9poque son aide sur ce projet.<\/p>\n<p class=\"p1\">Nous mettons en ligne une premi\u00e8re version tr\u00e8s laide de Clocktweets. D\u00e8s la premi\u00e8re semaine, le journal l\u2019\u00c9quipe commence \u00e0 utiliser notre outil. On se dit que c\u2019est g\u00e9nial, mais que <b>nous devrions porter ce projet encore plus loin.<\/b> Au bout d\u2019un an et demi, Lancelot d\u00e9cide de partir vers de nouvelles aventures. J\u2019ai donc fait vivre le projet pendant plusieurs ann\u00e9es, jusqu\u2019\u00e0 mon DUT pour \u00eatre pr\u00e9cis. Arrivant \u00e0 la fin de mes \u00e9tudes, je commence \u00e0 me questionner sur ce que je veux faire apr\u00e8s. Continuer mes \u00e9tudes et viser un bac +\u00a05 ou bien m\u2019arr\u00eater et me lancer \u00e0 100\u00a0% dans mon projet. Je d\u00e9cide d\u2019en parler \u00e0 mes proches, et c\u2019est unanimement qu\u2019ils me disent de me lancer. Dans le pire des cas, je pouvais toujours reprendre mes \u00e9tudes en cas d\u2019\u00e9chec.<\/p>\n<p class=\"p1\">Au m\u00eame moment, <a href=\"http:\/\/linkedin.com\/in\/thibaud-spieser\" target=\"_blank\" rel=\"noopener\">Thibaud Spieser<\/a> le meilleur ami de mon fr\u00e8re qui revenait d\u2019un stage \u00e0 Berlin, m\u2019a propos\u00e9 son aide sur Clocktweets pour quelques semaines. Finalement, <strong>cela fait maintenant 6\u00a0ans que nous sommes associ\u00e9s<\/strong>\u2009! Lorsque Thibaud m\u2019a rejoint, les choses s\u00e9rieuses ont commenc\u00e9 et nous avons rejoint un acc\u00e9l\u00e9rateur, Toulon Var Technologies (TVT). Nous passons d\u2019une formule gratuite \u00e0 un mod\u00e8le Freemium avec l\u2019arriv\u00e9e d\u2019abonnements et d\u2019une nouvelle version de Clocktweets. Nous arrivons \u00e0 recruter notre premier stagiaire d\u00e9veloppeur mobile. Malgr\u00e9 notre souhait de l\u2019embaucher \u00e0 la fin de son stage, nous n\u2019avions pas les moyens pour le faire. Pour ce faire, nous avons particip\u00e9 \u00e0 un programme qui se nomme le dispositif ARDAN ce qui nous a permis de le garder 6\u00a0mois de plus.<\/p>\n<p class=\"p1\">En parall\u00e8le, nous nous sommes rendu compte que notre projet prenait de l\u2019ampleur et que si nous souhaitions d\u00e9passer notre concurrent il nous \u00e9tait indispensable d\u2019avoir plus de moyens financiers. Via TVT nous pitchons notre projet devant des business angels. Tout se d\u00e9roule bien et finalement apr\u00e8s avoir pitch\u00e9 devant la r\u00e9gion, <strong>nous levons la somme de 465\u2009000\u00a0euros<\/strong> avec plusieurs acteurs\u00a0: business angels, Olbia Invest, le Cr\u00e9dit Agricole ainsi que la r\u00e9gion PACA : R\u00e9gion Sud Investissement, Cr\u00e9azur (fonds d&rsquo;investissement du Cr\u00e9dit Agricole), Var Business Angels et Olbia Invest. Cette lev\u00e9e de fonds fut pour nous un tournant et un levier pour diff\u00e9rents changements. Nous doublons notre effectif en passant \u00e0 6\u00a0salari\u00e9s, nous changeons notre nom Clocktweets en Swello, nous am\u00e9liorons la plateforme en int\u00e9grant LinkedIn, Instagram, nous ajoutons des statistiques et de la veille. Bref, tout s\u2019est agrandi.<\/p>\n<p class=\"p1\">Avec le temps nous recrutons une septi\u00e8me personne. Et derni\u00e8rement, nous avons annonc\u00e9 le gain d\u2019un appel d\u2019offres du gouvernement dans lequel nous mettons \u00e0 disposition notre plateforme \u00e0 l\u2019ensemble des minist\u00e8res ainsi que toutes les structures publiques.<\/p>\n<h2><span data-contrast=\"none\">Qu\u2019est-ce que\u00a0<\/span><span data-contrast=\"none\">Swello<\/span><span data-contrast=\"none\">\u00a0? Quels services proposez-vous ?<\/span><span data-ccp-props=\"{&quot;201341983&quot;:0,&quot;335551550&quot;:1,&quot;335551620&quot;:1,&quot;335559739&quot;:160,&quot;335559740&quot;:259}\">\u00a0<\/span><\/h2>\n<p><strong>Swello est une plateforme de productivit\u00e9 en 3 temps : veille, programmation, analyse.<\/strong><\/p>\n<p class=\"p1\">Sur la partie veille, il est possible de faire de la curation de contenu, de recevoir des alertes lorsqu\u2019on parle de toi sur internet. La programmation comme son nom l\u2019indique permet de programmer sur les r\u00e9seaux sociaux Twitter, Facebook, LinkedIn et Instagram. Sur notre plateforme nous permettons d\u2019\u00e9diter les images, d\u2019utiliser un r\u00e9ducteur de lien int\u00e9gr\u00e9 et un calendrier \u00e9ditorial. Ce sont quelques exemples d\u2019outils que nous proposons. Pour finir, il y a toute la portion statistique dans laquelle sont centralis\u00e9es toutes les datas li\u00e9es aux posts et au compte en g\u00e9n\u00e9ral. Voil\u00e0 les 3\u00a0parties que nous couvrons.<\/p>\n<p>Plus globalement nos points forts sont :<\/p>\n<ul>\n<li>La simplicit\u00e9 d&rsquo;utilisation de notre plateforme et son ergonomie;<\/li>\n<li>Notre support en fran\u00e7ais et ultra r\u00e9actif;<\/li>\n<li>L&rsquo;aspect s\u00e9curit\u00e9 que nous avons \u00e9norm\u00e9ment am\u00e9lior\u00e9. Nous faisons des audits tous les ans et nos serveurs se trouvent en France.<\/li>\n<\/ul>\n<p>Lorsqu&rsquo;on regarde le d\u00e9but du projet qui consistait uniquement \u00e0 faire de la programmation de tweets, on constate que cela a grandement \u00e9volu\u00e9. Aujourd&rsquo;hui, nous proposons une plateforme en 3 temps et compl\u00e8te.<\/p>\n<h2><span data-contrast=\"none\">\u00c0 qui vous adressez-vous ?<\/span><span data-contrast=\"none\">\u00a0Qui sont vos utilisateurs ?<\/span><span data-ccp-props=\"{&quot;201341983&quot;:0,&quot;335551550&quot;:1,&quot;335551620&quot;:1,&quot;335559739&quot;:160,&quot;335559740&quot;:259}\">\u00a0<\/span><\/h2>\n<p class=\"p1\"><strong>99\u00a0% de nos utilisateurs sont des professionnels<\/strong>. Sur nos 70\u2009000\u00a0utilisateurs, 400 sont des grands comptes comme Sony Pictures Video et La Sorbonne Universit\u00e9. Tous ces utilisateurs ont programm\u00e9 4\u00a0millions de posts\u2009! En grandes th\u00e9matiques nous retrouvons les institutions publiques, les \u00e9coles et \u00e9galement les m\u00e9dias.<\/p>\n<h2><span data-contrast=\"none\">Quel est votre business model ?<\/span><span data-ccp-props=\"{&quot;201341983&quot;:0,&quot;335551550&quot;:1,&quot;335551620&quot;:1,&quot;335559739&quot;:160,&quot;335559740&quot;:259}\">\u00a0<\/span><\/h2>\n<p><span data-ccp-props=\"{&quot;201341983&quot;:0,&quot;335551550&quot;:1,&quot;335551620&quot;:1,&quot;335559739&quot;:160,&quot;335559740&quot;:259}\">\u00a0Nous proposons des abonnements selon trois crit\u00e8res tr\u00e8s simples :<\/span><\/p>\n<ul>\n<li>le nombre d&rsquo;utilisateurs<\/li>\n<li>le nombre de profils sociaux<\/li>\n<li>les fonctionnalit\u00e9s souhait\u00e9es<\/li>\n<\/ul>\n<p class=\"p1\"><strong>Nos abonnements commencent \u00e0 9,90\u00a0\u20ac HT<\/strong> et augmentent en fonction de ces trois crit\u00e8res. Nous proposons un forfait mensuel avec un prix classique et un abonnement annuel que nous facturons 10\u00a0mois pour 12\u00a0mois d\u2019acc\u00e8s \u00e0 la plateforme, nous offrons donc 2\u00a0mois. En plus des abonnements, nous proposons aussi une version gratuite, limit\u00e9e en fonctionnalit\u00e9s, mais qui permet tout de m\u00eame de programmer jusqu\u2019\u00e0 40\u00a0posts et d\u2019avoir un profil social par r\u00e9seau social.<\/p>\n<h2><span data-contrast=\"none\">Qu\u2019est-ce qui vous diff\u00e9rencie de vos concurrents<\/span><span data-contrast=\"none\">\u00a0?<\/span><span data-ccp-props=\"{&quot;201341983&quot;:0,&quot;335551550&quot;:1,&quot;335551620&quot;:1,&quot;335559739&quot;:160,&quot;335559740&quot;:259}\">\u00a0<\/span><\/h2>\n<p class=\"p1\"><strong>Nous avons des fonctionnalit\u00e9s in\u00e9dites telles que notre Quality Coach<\/strong>. C\u2019est un coach en live qui note les posts de A \u00e0 E, en indiquant s\u2019ils seront performants selon l\u2019audience cibl\u00e9e. Il permet de donner \u00e9galement les meilleures heures de publication, d\u2019analyser le post en expliquant ce qui fonctionne bien et ce qui ne fonctionne pas.<\/p>\n<p class=\"p1\">Autres points de diff\u00e9renciation, j\u2019en ai parl\u00e9 plus t\u00f4t, c\u2019est notre ergonomie et notre r\u00e9activit\u00e9. <strong>Nous d\u00e9veloppons sans cesse des fonctionnalit\u00e9s<\/strong>. Nous sommes tr\u00e8s \u00e0 l\u2019\u00e9coute des retours que nous recevons. De plus, nous offrons de nombreuses ressources avec notre blog, nos podcasts, les webinars que nous proposons sur Instagram ou TikTok. Chacun y trouve son compte, mais le but est d\u2019apporter de la valeur aux gens. Nos concurrents cr\u00e9aient du contenu \u00e9galement, mais nous essayons de nous adapter et de nous diff\u00e9rencier.<\/p>\n<h2><span data-contrast=\"none\">Vous avez annonc\u00e9 r\u00e9cemment avoir remport\u00e9 l\u2019appel d\u2019offres interminist\u00e9riel<\/span><span data-contrast=\"none\">. Concr\u00e8tement qu\u2019est-ce que cela a chang\u00e9<\/span><span data-contrast=\"none\">\u00a0pour vous ?<\/span><\/h2>\n<p class=\"p1\">Remporter cet appel d\u2019offres nous a permis de mettre en place des <strong>moyens encore plus s\u00e9curis\u00e9s<\/strong> comme le fait d\u2019avoir chang\u00e9 tous nos serveurs. De plus, annoncer que nous travaillons avec des minist\u00e8res nous apporte forc\u00e9ment plus de notori\u00e9t\u00e9. \u00c0 terme, si l\u2019ensemble des structures publiques nous rejoint, cela nous apportera <strong>plusieurs centaines d\u2019utilisateurs et plusieurs milliers de profils sociaux suppl\u00e9mentaires<\/strong>.<\/p>\n<p class=\"p1\">En r\u00e9sum\u00e9, cela a un impact pour l\u2019ensemble de nos utilisateurs, pour Swello en mati\u00e8re de notori\u00e9t\u00e9 et \u00e9galement du point de vue du business, car nous avons plus d\u2019utilisateurs et de profils.<\/p>\n<h2><span data-contrast=\"none\">Vous \u00eates devenu entrepreneur tr\u00e8s jeune. Quelles difficult\u00e9s avez-vous connues lors de votre parcours entrepreneurial\u202f?<\/span><span data-ccp-props=\"{&quot;134233117&quot;:true,&quot;134233118&quot;:true,&quot;201341983&quot;:0,&quot;335551550&quot;:6,&quot;335551620&quot;:6,&quot;335559739&quot;:160,&quot;335559740&quot;:259}\">\u00a0<\/span><\/h2>\n<p class=\"p1\">Dire que je n\u2019ai pas rencontr\u00e9 de difficult\u00e9s serait mentir, mais s&rsquo;agissait-il vraiment de difficult\u00e9s\u2009? <strong>Finalement, ce sont juste de petits probl\u00e8mes que tu r\u00e8gles et qui te font avancer<\/strong>. Pour moi, sans ces difficult\u00e9s on ne serait pas ce qu\u2019on est aujourd\u2019hui. On me demande parfois si je changerais quelque chose dans mon parcours si j\u2019en avais la possibilit\u00e9. Ma r\u00e9ponse est non. Si j\u2019en suis arriv\u00e9 l\u00e0, c\u2019est aussi parce que j\u2019ai fait des erreurs.<\/p>\n<p class=\"p1\">Une fois, nous avons eu une mauvaise communication. C\u2019\u00e9tait lorsque nous avons bascul\u00e9 du mod\u00e8le gratuit au mod\u00e8le freemium. J\u2019ignore pourquoi, mais nous avions mal pr\u00e9venu nos utilisateurs. Forc\u00e9ment, ils furent surpris et certains l\u2019ont mal pris, ce qui est totalement l\u00e9gitime. Nous sommes revenus en arri\u00e8re et avons revu notre communication. Finalement, cela s\u2019est tr\u00e8s bien pass\u00e9 et tout s\u2019est arrang\u00e9. Autre moment difficile, je pense \u00e0 la lev\u00e9e de fonds qui a dur\u00e9 8\u00a0mois. Ce fut long et \u00e9puisant, mais pour autant je le referais quand m\u00eame.<\/p>\n<p>L&rsquo;importance est d&rsquo;\u00eatre bien entour\u00e9, autant par la famille que par les amis.<\/p>\n<h2><span data-contrast=\"none\">Quelle est ta vision des r\u00e9seaux sociaux aujourd\u2019hui ? Quel constat fais-tu sur leur \u00e9volution ?<\/span><span data-ccp-props=\"{&quot;134233117&quot;:true,&quot;134233118&quot;:true,&quot;201341983&quot;:0,&quot;335551550&quot;:6,&quot;335551620&quot;:6,&quot;335559739&quot;:160,&quot;335559740&quot;:259}\">\u00a0<\/span><\/h2>\n<p class=\"p1\">Pour moi, un r\u00e9seau social permet \u00e0 des individus de discuter ensemble et de partager des informations. Par exemple, <strong>je ne consid\u00e8re plus trop Facebook comme un r\u00e9seau social<\/strong>. \u00c0 une \u00e9poque, lorsque tu mettais une mention j\u2019aime sous un post Facebook, une grande partie de ton r\u00e9seau pouvait voir ce post. Aujourd\u2019hui c\u2019est la m\u00eame chose, sauf que le mot \u00ab\u2009Sponsoris\u00e9\u2009\u00bb est indiqu\u00e9 sous le post. Chaque r\u00e9seau social poss\u00e8de son mod\u00e8le \u00e9conomique, mais ce que je veux dire par l\u00e0 est que je ne retrouve plus vraiment ce c\u00f4t\u00e9 social. Au contraire, LinkedIn qui prend de plus en plus d\u2019ampleur te permet ces interactions que Facebook a perdues.<\/p>\n<p class=\"p1\">Pour globaliser sur tous les autres r\u00e9seaux sociaux, <strong>j\u2019ai l\u2019impression \u00e0 mon grand regret qu\u2019ils essayent tous de se ressembler<\/strong>. C\u2019est la course \u00e0 ce qui fonctionne le mieux sur le march\u00e9. Finalement, je me demande si l\u2019on ne va pas dans quelques ann\u00e9es, se retrouver avec seulement des r\u00e9seaux compl\u00e8tement identiques. C\u2019est une v\u00e9ritable question que je me pose. Hormis cela, avec la crise sanitaire, les r\u00e9seaux sociaux ont jou\u00e9 un r\u00f4le important, celui de garder le lien avec d\u2019autres personnes.<\/p>\n<p class=\"p1\">Pour conclure, mon souhait est que chaque r\u00e9seau social conserve son identit\u00e9, m\u00eame si j\u2019ai bien conscience qu\u2019ils veulent tous leur part du g\u00e2teau.<\/p>\n<h2><span data-contrast=\"none\">Quelles sont vos ambitions pour\u00a0<\/span><span data-contrast=\"none\">Swello<\/span><span data-contrast=\"none\">\u00a0?<\/span><span data-ccp-props=\"{&quot;134233117&quot;:true,&quot;134233118&quot;:true,&quot;201341983&quot;:0,&quot;335551550&quot;:6,&quot;335551620&quot;:6,&quot;335559739&quot;:160,&quot;335559740&quot;:259}\">\u00a0<\/span><\/h2>\n<p class=\"p1\">Nous souhaitons bien s\u00fbr continuer \u00e0 am\u00e9liorer notre produit. Pour 2022, <strong>nous comptons ajouter un bloc mod\u00e9ration<\/strong> qui permettra de mod\u00e9rer les commentaires. Swello proposera donc de la veille, de la programmation, de la mod\u00e9ration et de l\u2019analyse. Nous voulons \u00e9galement<strong> int\u00e9grer de nouveaux r\u00e9seaux sociaux<\/strong> comme YouTube. Agrandir l\u2019\u00e9quipe est aussi un de nos souhaits. Nous esp\u00e9rons recruter en septembre.<\/p>\n<p class=\"p1\">Concernant le projet et la vision, nous aimerions <strong>nous \u00e9tendre sur les march\u00e9s francophones<\/strong> comme le Canada, Monaco, la Belgique ou la Suisse. Concernant l\u2019Asie, Swello ne supporte pas encore les r\u00e9seaux sociaux utilis\u00e9s par les Asiatiques, mais \u00e0 l\u2019avenir cela pourrait devenir possible.<\/p>\n<h2><span data-contrast=\"none\">Un conseil pour les personnes souhaitant se lancer dans l\u2019entrepreneuriat ?<\/span><span data-ccp-props=\"{&quot;134233117&quot;:true,&quot;134233118&quot;:true,&quot;201341983&quot;:0,&quot;335551550&quot;:6,&quot;335551620&quot;:6,&quot;335559739&quot;:160,&quot;335559740&quot;:259}\">\u00a0<\/span><\/h2>\n<p class=\"p1\">Tout d\u2019abord, <strong>il faut savoir s\u2019entourer<\/strong>\u2009! Que ce soit avec un associ\u00e9 ou sa famille, il est important de pouvoir parler de son projet. Je trouve personnellement que c\u2019est une fausse bonne id\u00e9e de garder pour soi un concept parce qu\u2019il est nouveau. Au contraire pour pouvoir l\u2019enrichir et l\u2019am\u00e9liorer il faut la partager.<\/p>\n<p class=\"p1\">Ensuite, ne pas h\u00e9siter \u00e0 questionner les personnes qui sont d\u00e9j\u00e0 pass\u00e9es par l\u2019entrepreneuriat et qui peuvent aider \u00e0 parfaire ses comp\u00e9tences. Pour illustrer mon propos, aujourd\u2019hui il y a sur notre blog 100\u2009000\u00a0visites alors qu\u2019au d\u00e9but nous comptions \u00e0 peu pr\u00e8s 500 visites. Notre taux de conversion n\u2019\u00e9tait pas bon, alors nous avons sollicit\u00e9 l\u2019aide de l\u2019entreprise <a href=\"https:\/\/dreem.com\/\" target=\"_blank\" rel=\"noopener\">Dreem<\/a> afin qu\u2019ils nous donnent des solutions. Nous avons pass\u00e9 quelques minutes ensemble puis nous avons mis en place leur m\u00e9thode et cela a fonctionn\u00e9. <strong>Prendre le feedback est essentiel<\/strong>\u2009!<\/p>\n<p class=\"p1\">Pour finir, il faut se lancer ! <strong>M\u00eame dans l\u2019\u00e9chec vous aurez appris \u00e9norm\u00e9ment de choses<\/strong>. Effectivement, lorsqu\u2019on a des enfants ou qu\u2019on a un cr\u00e9dit \u00e0 rembourser, c\u2019est plus difficile. Toutefois, la France est un pays tr\u00e8s chouette pour entreprendre. Il existe de nombreuses aides qui accompagnent humainement et financi\u00e8rement lors du processus de cr\u00e9ation d\u2019entreprise.<\/p>\n<p>&nbsp;<\/p>\n<p style=\"text-align: right;\"><em>Nos remerciements \u00e0 Jonathan Noble, cofondateur &amp; CEO de Swello.<\/em><br \/>\n<em>Propos rapport\u00e9s par l\u2019\u00e9quipe de manager.one.<\/em><\/p>\n","protected":false},"excerpt":{"rendered":"<p>Co-fond\u00e9e en 2010 par Jonathan Noble, Swello est une plateforme fran\u00e7aise d\u00e9di\u00e9e \u00e0 la gestion des r\u00e9seaux sociaux. Intuitive et facile d&rsquo;utilisation, la plateforme est un outil complet qui permet, \u00e0 travers ses 3 principales fonctionnalit\u00e9s, de simplifier la\u00a0 communication digitale de nombreux utilisateurs. Pour le Journal du Manager, Jonathan nous fait part de la [&hellip;]<\/p>\n","protected":false},"author":14,"featured_media":3364,"comment_status":"open","ping_status":"open","sticky":false,"template":"","format":"standard","meta":{"footnotes":""},"categories":[15],"tags":[],"acf":[],"_links":{"self":[{"href":"https:\/\/www.manager.one\/fr\/journal\/wp-json\/wp\/v2\/posts\/3363"}],"collection":[{"href":"https:\/\/www.manager.one\/fr\/journal\/wp-json\/wp\/v2\/posts"}],"about":[{"href":"https:\/\/www.manager.one\/fr\/journal\/wp-json\/wp\/v2\/types\/post"}],"author":[{"embeddable":true,"href":"https:\/\/www.manager.one\/fr\/journal\/wp-json\/wp\/v2\/users\/14"}],"replies":[{"embeddable":true,"href":"https:\/\/www.manager.one\/fr\/journal\/wp-json\/wp\/v2\/comments?post=3363"}],"version-history":[{"count":25,"href":"https:\/\/www.manager.one\/fr\/journal\/wp-json\/wp\/v2\/posts\/3363\/revisions"}],"predecessor-version":[{"id":4645,"href":"https:\/\/www.manager.one\/fr\/journal\/wp-json\/wp\/v2\/posts\/3363\/revisions\/4645"}],"wp:featuredmedia":[{"embeddable":true,"href":"https:\/\/www.manager.one\/fr\/journal\/wp-json\/wp\/v2\/media\/3364"}],"wp:attachment":[{"href":"https:\/\/www.manager.one\/fr\/journal\/wp-json\/wp\/v2\/media?parent=3363"}],"wp:term":[{"taxonomy":"category","embeddable":true,"href":"https:\/\/www.manager.one\/fr\/journal\/wp-json\/wp\/v2\/categories?post=3363"},{"taxonomy":"post_tag","embeddable":true,"href":"https:\/\/www.manager.one\/fr\/journal\/wp-json\/wp\/v2\/tags?post=3363"}],"curies":[{"name":"wp","href":"https:\/\/api.w.org\/{rel}","templated":true}]}}