{"id":3273,"date":"2021-05-20T09:30:27","date_gmt":"2021-05-20T07:30:27","guid":{"rendered":"https:\/\/www.manager.one\/fr\/journal\/?p=3273"},"modified":"2021-05-19T18:33:52","modified_gmt":"2021-05-19T16:33:52","slug":"matthieu-lecuyer-r-pur","status":"publish","type":"post","link":"https:\/\/www.manager.one\/fr\/journal\/matthieu-lecuyer-r-pur\/","title":{"rendered":"R-PUR, le fabriquant de masques anti-pollution connect\u00e9s : Rencontre avec son co-fondateur et directeur g\u00e9n\u00e9ral, Matthieu Lecuyer"},"content":{"rendered":"<p class=\"p1\">Cr\u00e9e par <a href=\"http:\/\/linkedin.com\/in\/flavien-hello-b6700384\" target=\"_blank\" rel=\"noopener\">Flavien Hello<\/a> et <a href=\"http:\/\/linkedin.com\/in\/matthieu-lecuyer-1b04ab97\" target=\"_blank\" rel=\"noopener\">Matthieu Lecuyer<\/a>, <a href=\"https:\/\/www.r-pur.com\/\" target=\"_blank\" rel=\"noopener\">R-PUR<\/a> est le fabriquant de masques antipollution made in France. La marque fran\u00e7aise s\u2019est donn\u00e9 pour mission de\u00a0prot\u00e9ger\u00a0toutes les personnes des risques pr\u00e9sents dans l\u2019air\u00a0: pollution de l\u2019air, pollen, bact\u00e9ries, virus.<\/p>\n<p class=\"p1\">Pour le Journal du Manager, Matthieu nous raconte comment leur id\u00e9e de proposer un masque connect\u00e9 a vu le jour, et revient \u00e9galement sur l\u2019importance qu\u2019a eue R-PUR durant la crise sanitaire.<\/p>\n<h2>Pouvez-vous nous raconter votre histoire ? Pourquoi avoir\u00a0d\u00e9cid\u00e9 d\u2019entreprendre sur ce march\u00e9\u00a0particuli\u00e8rement\u00a0?<\/h2>\n<p class=\"p1\">Tout part d\u2019un constat. Nous nous sommes rencontr\u00e9s avec mon associ\u00e9, Flavien Hello, lors d\u2019un \u00e9change universitaire en Cor\u00e9e du Sud. D\u00e8s notre retour en France, nous avons \u00e9t\u00e9 pris par la pollution de l\u2019air via 2\u00a0maladies diff\u00e9rentes. \u00c0 cause de la pollution, j\u2019ai commenc\u00e9 \u00e0 avoir des pics d\u2019allergies tr\u00e8s \u00e9lev\u00e9s que je n\u2019avais jamais eus et Flavien a d\u00e9velopper des inflammations pulmonaires ce qui est assez grave. Nous avons essay\u00e9 de trouver sur le march\u00e9 des solutions qui malheureusement \u00e9taient <strong>soit inconfortables<\/strong>, <strong>soit tr\u00e8s bas de gamme<\/strong> ou alors <strong>pas suffisamment efficaces<\/strong> contre la qualit\u00e9 de l\u2019air urbaine.<\/p>\n<p class=\"p1\">C\u2019est \u00e0 ce moment-l\u00e0 que nous nous sommes demand\u00e9 si nous pouvions inventer une solution qui permettrait d\u2019\u00eatre parfaitement adapt\u00e9e \u00e0 cette qualit\u00e9 de l\u2019air urbain si sp\u00e9cifique. <strong>Le but \u00e9tait de proposer une solution durable et qualitative<\/strong> \u00e0 une client\u00e8le europ\u00e9enne exigeante.<\/p>\n<h2>\u00c0 quel besoin r\u00e9pondez-vous\u00a0et qui sont vos clients\u00a0?<\/h2>\n<p class=\"p1\">Aujourd\u2019hui, nous avons des clients qui sont <strong>des ultra-urbains en mobilit\u00e9s<\/strong>, c\u2019est-\u00e0-dire des personnes qui utilisent des v\u00e9los, des scooters\u2026 Ce sont des personnes expos\u00e9es \u00e0 une qualit\u00e9 de l\u2019air tr\u00e8s m\u00e9diocre en centre urbain. Parmi nos clients, nous retrouvons \u00e9galement des sportifs qui pratiquent le running ou autres activit\u00e9s sportives en ext\u00e9rieur et qui malheureusement n\u2019ont rien pour se prot\u00e9ger.<\/p>\n<h2 class=\"fa-myp2l9\">Quelle est la particularit\u00e9 de vos masques ?<\/h2>\n<p class=\"p1\"><strong>Nous sommes les seuls au monde \u00e0 proposer des masques qui filtrent les nanoparticules<\/strong>, des particules extr\u00eamement fines qui sont les plus dangereuses et que l\u2019on retrouve dans la qualit\u00e9 de l\u2019air en milieu urbain. De plus, nous sommes les premiers \u00e0 nous positionner sur un environnement urbain que nous avons \u00e9tudi\u00e9, analys\u00e9, ce qui nous permet tout simplement de filtrer toutes les particules nocives de l\u2019air urbain. Derri\u00e8re cela, <strong>nous sommes les seuls \u00e0 avoir re\u00e7u la certification europ\u00e9enne la plus \u00e9lev\u00e9e<\/strong>\u00a0: <strong>la certification\u00a0FFP3<\/strong>. Pour ce type de produit, il est n\u00e9cessaire de poss\u00e9der des moyens industriels tr\u00e8s sp\u00e9cifiques pour obtenir cette certification qui, encore une fois, n\u2019est pas sp\u00e9cialement adapt\u00e9e \u00e0 cet environnement urbain, mais qui l\u00e9gitime la qualit\u00e9 et l\u2019expertise du produit.<\/p>\n<p>Nous proposons 3 mod\u00e8les diff\u00e9rents en fonction des usages. D&rsquo;une part, nous avons des masques adapt\u00e9s aux motocyclistes avec des mat\u00e9riaux Thermo-Controle. D&rsquo;autre part, nous proposons \u00e9galement \u00e0 une client\u00e8le cycliste, des mod\u00e8les\u00a0<em>light<\/em>\u00a0qui utilisent des mat\u00e9riaux bien sp\u00e9cifiques encore plus respirants et qui permettent d&rsquo;\u00eatre utilis\u00e9s en plein effort.<\/p>\n<h2>Comment fonctionne l\u2019application\u00a0et qu\u2019apporte-t-elle\u00a0concr\u00e8tement\u00a0?<\/h2>\n<p class=\"p1\">L\u2019application <strong>joue un r\u00f4le \u00e9ducatif<\/strong> pour les utilisateurs. Elle permet de mieux comprendre ce qu\u2019est la pollution de l\u2019air. Elle essaye de sensibiliser au mieux nos cibles ainsi que les personnes qui ne portent pas de masques. De plus, notre application informe l\u2019utilisateur lorsque son filtre est arriv\u00e9 \u00e0 saturation et qu\u2019il doit \u00eatre remplac\u00e9 pour avoir une protection optimale contre les nanoparticules. En effet, nous proposons un produit qui s\u2019utilise tout au long de sa vie, seul le filtre est interchangeable. Gr\u00e2ce \u00e0 des algorithmes, <strong>nous arrivons \u00e0 d\u00e9terminer le taux d\u2019encrassement du filtre<\/strong> lorsque la personne se d\u00e9place au c\u0153ur m\u00eame de la pollution de l\u2019air.<\/p>\n<h2>Vos masques sont\u00a0\u00e0 la pointe de la technologie,\u00a0mais \u00e9galement designs.\u00a0Pour quelle raison avez-vous souhait\u00e9\u00a0m\u00ealer ces deux \u00e9l\u00e9ments ?<\/h2>\n<p class=\"p1\">Le but du jeu \u00e9tait de proposer un masque <strong>qui sort un peu du commun<\/strong>, <strong>qui est ultra-ergonomique<\/strong> et qui allait garantir une herm\u00e9ticit\u00e9 parfaite, car aujourd\u2019hui quasiment tous les masques sur le march\u00e9 ne sont pas herm\u00e9tiques. Il est inutile d\u2019avoir la meilleure protection du monde si l\u2019air passe sur les c\u00f4t\u00e9s, probl\u00e9matique que nous avons r\u00e9solue avec nos produits.<\/p>\n<p class=\"p1\">C\u00f4t\u00e9 esth\u00e9tique, nous avons travaill\u00e9 sur des designs et une ergonomie qui s\u2019adaptent \u00e0 toutes circonstances. Le fait que nos masques puissent \u00eatre port\u00e9s en sport lors d\u2019efforts et de mouvements, mais \u00e9galement dans un casque int\u00e9gral de moto, \u00e9tait un pr\u00e9requis indispensable pour les personnes en mobilit\u00e9 urbaine. \u00c0 c\u00f4t\u00e9 de cela, pour le design <strong>nous travaillons avec des maisons de haute couture et des enseignes<\/strong> qui ont su apporter une touche mode, sans faire de compromis sur la qualit\u00e9 et sur les technologies embarqu\u00e9es.<\/p>\n<h2>Avez-vous \u00e9t\u00e9 sollicit\u00e9s pour venir en aide au personnel hospitalier ?<\/h2>\n<p class=\"p1\">Tout \u00e0 fait. Nous avons \u00e9t\u00e9 extr\u00eamement sollicit\u00e9s puisque l\u2019on faisait partie du peu de fournisseurs de dispositif filtrant en France. <strong>Nous avons d\u00fb adapter nos lignes de production pour produire<\/strong> un maximum de solutions beaucoup plus simples qui ne sont pas de type R-PUR, mais plut\u00f4t des dispositifs m\u00e9dicaux. Nous avons pu les distribuer tr\u00e8s rapidement et en tr\u00e8s grand volume au personnel m\u00e9dical et au gouvernement. Il y a eu un gros revers industriel de notre c\u00f4t\u00e9 pour nous adapter et fournir un maximum d\u2019effort pendant la crise.<\/p>\n<h2>\u00c0 quel point la crise\u00a0de la COVID-19\u00a0a-t-elle\u00a0impact\u00e9\u00a0vos ventes ?<\/h2>\n<p class=\"p1\">Nous \u00e9tions d\u00e9j\u00e0 en hypercroissance avant la crise et cette derni\u00e8re n\u2019a fait qu\u2019accentuer la demande pour nos solutions, que ce soit les dispositifs m\u00e9dicaux ou les produits R-PUR. De plus, nous avons d\u00fb embaucher \u00e0 distance et mettre en place toute la partie remote. Nous avons d\u00fb nous adapter et redoubler de travail pour faire face \u00e0 cette forte demande. Une grosse part d\u2019\u00e9ducation a \u00e9t\u00e9 faite chez les gens par rapport \u00e0 ce qu\u2019ils respiraient au quotidien. Avant la crise, il est vrai que certaines personnes ne comprenaient pas l\u2019utilit\u00e9 d\u2019un masque. <strong>Aujourd\u2019hui<\/strong>, <strong>tout le monde commence \u00e0 \u00eatre sensibilis\u00e9 au port du masque<\/strong> et \u00e0 comprendre les effets b\u00e9n\u00e9fiques de ce dernier.<\/p>\n<h2>Une fois la crise derri\u00e8re nous, pensez-vous que le\u00a0masque restera un produit\u00a0du\u00a0quotidien ?<\/h2>\n<p class=\"p1\">Le masque va de mani\u00e8re g\u00e9n\u00e9rale \u00eatre d\u00e9mocratis\u00e9, beaucoup plus qu\u2019il ne l\u2019\u00e9tait avant. Il y aura moins cette \u00ab\u2009peur du masque\u2009\u00bb puisqu\u2019avant le masque pouvait \u00eatre assimil\u00e9 \u00e0 quelque chose de n\u00e9gatif par certaines personnes. Dor\u00e9navant, je pense que <strong>dans<\/strong> <strong>les endroits clos les masques feront l\u2019unanimit\u00e9<\/strong> et cela est n\u00e9cessaire. Lorsque vous prenez les transports en commun et que vous \u00eates serr\u00e9s dans une rame de m\u00e9tro, il est important de pouvoir se prot\u00e9ger des maladies.<\/p>\n<p class=\"p1\">La sensibilit\u00e9 semble avoir \u00e9t\u00e9 acquise, et on peut penser que d\u00e9sormais les personnes qui prendront le m\u00e9tro voudront juste se prot\u00e9ger. M\u00eame pour \u00e9viter simplement de contracter la grippe\u2009! Si l\u2019on regarde les pays asiatiques, on constate qu\u2019ils sont parfaitement habitu\u00e9s \u00e0 les porter.<\/p>\n<h2>Que vous a apport\u00e9 la participation \u00e0 l\u2019\u00e9mission \u201cQui veut \u00eatre mon associ\u00e9 ?\u201d ?<\/h2>\n<p class=\"p1\">L\u2019\u00e9mission nous a apport\u00e9 de la <strong>visibilit\u00e9<\/strong> et surtout une <strong>l\u00e9gitimit\u00e9<\/strong> au niveau du march\u00e9 fran\u00e7ais. Aujourd\u2019hui, nous sommes leader en France, en Europe, et nous sommes en phase de partir sur une grosse attaque internationale sur les prochains mois et prochaines ann\u00e9es. Le but est de <strong>d\u00e9mocratiser le c\u00f4t\u00e9 exclusif et premium de nos solutions<\/strong> avec un produit fran\u00e7ais qui veut r\u00e9pondre \u00e0 une forte demande internationale.<\/p>\n<h2>Quelles sont les ambitions de\u00a0R-PUR pour les ann\u00e9es \u00e0 venir ?<\/h2>\n<p class=\"p1\">Nous finalisons une lev\u00e9e de fonds. Elle va nous permettre d\u2019une part, d\u2019acc\u00e9der tr\u00e8s rapidement aux march\u00e9s internationaux et aux demandes de nos solutions des diff\u00e9rents pays et d\u2019autre part, de <strong>sortir prochainement 3\u00a0nouveaux produits cette ann\u00e9e<\/strong>. Ces produits nous permettront d\u2019ouvrir notre gamme aux pi\u00e9tons avec des accessoires connect\u00e9s qui sont aussi des innovations que nous sommes tr\u00e8s fiers de pr\u00e9senter.<\/p>\n<p style=\"text-align: right;\"><em>Nos remerciements \u00e0 Matthieu Lecuyer, co-fondateur et directeur g\u00e9n\u00e9ral de R-PUR.<\/em><br \/>\n<em>Propos rapport\u00e9s par l\u2019\u00e9quipe de manager.one.<\/em><\/p>\n","protected":false},"excerpt":{"rendered":"<p>Cr\u00e9e par Flavien Hello et Matthieu Lecuyer, R-PUR est le fabriquant de masques antipollution made in France. La marque fran\u00e7aise s\u2019est donn\u00e9 pour mission de\u00a0prot\u00e9ger\u00a0toutes les personnes des risques pr\u00e9sents dans l\u2019air\u00a0: pollution de l\u2019air, pollen, bact\u00e9ries, virus. Pour le Journal du Manager, Matthieu nous raconte comment leur id\u00e9e de proposer un masque connect\u00e9 a [&hellip;]<\/p>\n","protected":false},"author":14,"featured_media":3307,"comment_status":"open","ping_status":"open","sticky":false,"template":"","format":"standard","meta":{"footnotes":""},"categories":[15],"tags":[],"acf":[],"_links":{"self":[{"href":"https:\/\/www.manager.one\/fr\/journal\/wp-json\/wp\/v2\/posts\/3273"}],"collection":[{"href":"https:\/\/www.manager.one\/fr\/journal\/wp-json\/wp\/v2\/posts"}],"about":[{"href":"https:\/\/www.manager.one\/fr\/journal\/wp-json\/wp\/v2\/types\/post"}],"author":[{"embeddable":true,"href":"https:\/\/www.manager.one\/fr\/journal\/wp-json\/wp\/v2\/users\/14"}],"replies":[{"embeddable":true,"href":"https:\/\/www.manager.one\/fr\/journal\/wp-json\/wp\/v2\/comments?post=3273"}],"version-history":[{"count":14,"href":"https:\/\/www.manager.one\/fr\/journal\/wp-json\/wp\/v2\/posts\/3273\/revisions"}],"predecessor-version":[{"id":3309,"href":"https:\/\/www.manager.one\/fr\/journal\/wp-json\/wp\/v2\/posts\/3273\/revisions\/3309"}],"wp:featuredmedia":[{"embeddable":true,"href":"https:\/\/www.manager.one\/fr\/journal\/wp-json\/wp\/v2\/media\/3307"}],"wp:attachment":[{"href":"https:\/\/www.manager.one\/fr\/journal\/wp-json\/wp\/v2\/media?parent=3273"}],"wp:term":[{"taxonomy":"category","embeddable":true,"href":"https:\/\/www.manager.one\/fr\/journal\/wp-json\/wp\/v2\/categories?post=3273"},{"taxonomy":"post_tag","embeddable":true,"href":"https:\/\/www.manager.one\/fr\/journal\/wp-json\/wp\/v2\/tags?post=3273"}],"curies":[{"name":"wp","href":"https:\/\/api.w.org\/{rel}","templated":true}]}}