{"id":1652,"date":"2019-08-12T08:00:36","date_gmt":"2019-08-12T06:00:36","guid":{"rendered":"https:\/\/www.manager.one\/fr\/journal\/?p=1652"},"modified":"2020-11-05T18:12:33","modified_gmt":"2020-11-05T17:12:33","slug":"interview-charles-ballerait-artisan-coutelier","status":"publish","type":"post","link":"https:\/\/www.manager.one\/fr\/journal\/interview-charles-ballerait-artisan-coutelier\/","title":{"rendered":"#EntrepreneursStories : l&rsquo;artisan coutelier Charles Ballerait"},"content":{"rendered":"<p><span class=\"style-scope yt-formatted-string\" dir=\"auto\">Apr\u00e8s 17 ans de carri\u00e8re l\u2019audiovisuel, Charles Ballerait est devenu l\u2019unique coutelier fabricant de Paris. \u00ab\u202fFrustr\u00e9 des mains\u202f\u00bb dans son ancienne vie professionnelle, il se consacre \u00e0 pr\u00e9sent avec passion \u00e0 <strong>la conception et la fabrication de couteaux artisanaux. <\/strong><\/span><\/p>\n<h2>De l&rsquo;audiovisuel \u00e0 l&rsquo;artisanat<\/h2>\n<p class=\"font_8\">Charles le dit lui-m\u00eame : <strong>\u00ab\u00a0Ballerait Coutelier Artisan, c\u2019est avant tout l\u2019histoire d\u2019une frustration\u00a0\u00bb<\/strong>. Apr\u00e8s une longue carri\u00e8re dans l&rsquo;audiovisuel, l&rsquo;envie de concevoir et de fabriquer des objets concrets et durables a peu \u00e0 peu pris place dans son esprit.<\/p>\n<p>Sa rencontre avec le coutelier d&rsquo;art Raymond Rosa et sa premi\u00e8re initiation ont contribu\u00e9 \u00e0 transformer son r\u00eave d&rsquo;artisanat en r\u00e9alit\u00e9 : <strong>la coutellerie artisanale portant son nom est n\u00e9e en 2017 \u00e0 Paris<\/strong>.<\/p>\n<p><span class=\"style-scope yt-formatted-string\" dir=\"auto\">Son savoir-faire a donn\u00e9 naissance au \u00ab\u202fPetit Parisien\u202f\u00bb, couteau r\u00e9gional de Paris, et au \u00ab\u202fPuck\u202f\u00bb, 1er prix du label \u00ab\u202fFabriqu\u00e9 \u00e0 Paris\u202f\u00bb d\u00e9cern\u00e9 en 2018.<\/span><\/p>\n<p><span class=\"style-scope yt-formatted-string\" dir=\"auto\"><strong>Vous pouvez d\u00e9couvrir ce savoir-faire artisanal\u202f:<\/strong> <\/span><\/p>\n<ul>\n<li><span class=\"style-scope yt-formatted-string\" dir=\"auto\">Dans sa coutellerie, situ\u00e9e Cour de l\u2019Industrie \u00e0 Paris.<\/span><\/li>\n<li><span class=\"style-scope yt-formatted-string\" dir=\"auto\"><a href=\"https:\/\/www.ballerait-coutelier.fr\">Sur son site Internet<\/a>.\u00a0<\/span><\/li>\n<\/ul>\n<h2>(Re)d\u00e9couvrez son histoire en images<\/h2>\n<p><iframe loading=\"lazy\" src=\"https:\/\/www.youtube.com\/embed\/80ng2LChEzs\" width=\"560\" height=\"315\" frameborder=\"0\" allowfullscreen=\"allowfullscreen\"><\/iframe><\/p>\n","protected":false},"excerpt":{"rendered":"<p>Apr\u00e8s 17 ans de carri\u00e8re l\u2019audiovisuel, Charles Ballerait est devenu l\u2019unique coutelier fabricant de Paris. \u00ab\u202fFrustr\u00e9 des mains\u202f\u00bb dans son ancienne vie professionnelle, il se consacre \u00e0 pr\u00e9sent avec passion \u00e0 la conception et la fabrication de couteaux artisanaux. De l&rsquo;audiovisuel \u00e0 l&rsquo;artisanat Charles le dit lui-m\u00eame : \u00ab\u00a0Ballerait Coutelier Artisan, c\u2019est avant tout l\u2019histoire [&hellip;]<\/p>\n","protected":false},"author":12,"featured_media":1655,"comment_status":"open","ping_status":"open","sticky":false,"template":"","format":"standard","meta":{"footnotes":""},"categories":[15],"tags":[],"acf":[],"_links":{"self":[{"href":"https:\/\/www.manager.one\/fr\/journal\/wp-json\/wp\/v2\/posts\/1652"}],"collection":[{"href":"https:\/\/www.manager.one\/fr\/journal\/wp-json\/wp\/v2\/posts"}],"about":[{"href":"https:\/\/www.manager.one\/fr\/journal\/wp-json\/wp\/v2\/types\/post"}],"author":[{"embeddable":true,"href":"https:\/\/www.manager.one\/fr\/journal\/wp-json\/wp\/v2\/users\/12"}],"replies":[{"embeddable":true,"href":"https:\/\/www.manager.one\/fr\/journal\/wp-json\/wp\/v2\/comments?post=1652"}],"version-history":[{"count":3,"href":"https:\/\/www.manager.one\/fr\/journal\/wp-json\/wp\/v2\/posts\/1652\/revisions"}],"predecessor-version":[{"id":1656,"href":"https:\/\/www.manager.one\/fr\/journal\/wp-json\/wp\/v2\/posts\/1652\/revisions\/1656"}],"wp:featuredmedia":[{"embeddable":true,"href":"https:\/\/www.manager.one\/fr\/journal\/wp-json\/wp\/v2\/media\/1655"}],"wp:attachment":[{"href":"https:\/\/www.manager.one\/fr\/journal\/wp-json\/wp\/v2\/media?parent=1652"}],"wp:term":[{"taxonomy":"category","embeddable":true,"href":"https:\/\/www.manager.one\/fr\/journal\/wp-json\/wp\/v2\/categories?post=1652"},{"taxonomy":"post_tag","embeddable":true,"href":"https:\/\/www.manager.one\/fr\/journal\/wp-json\/wp\/v2\/tags?post=1652"}],"curies":[{"name":"wp","href":"https:\/\/api.w.org\/{rel}","templated":true}]}}